{"id":26660,"date":"2025-12-20T13:10:15","date_gmt":"2025-12-20T10:10:15","guid":{"rendered":"https:\/\/serene-property.com\/?p=26660"},"modified":"2025-12-20T13:10:15","modified_gmt":"2025-12-20T10:10:15","slug":"in-northern-cyprus-light-plastic-bags-will-be-completely-eliminated-from-2026","status":"publish","type":"post","link":"https:\/\/serene-property.com\/tr\/news\/in-northern-cyprus-light-plastic-bags-will-be-completely-eliminated-from-2026\/","title":{"rendered":"Kuzey K\u0131br\u0131s'ta 2026'dan itibaren hafif plastik po\u015fetler tamamen ortadan kald\u0131r\u0131lacak"},"content":{"rendered":"<p>Kuzey K\u0131br\u0131s makamlar\u0131, hafif plastik po\u015fetlerin kullan\u0131m\u0131n\u0131n tamamen yasaklanaca\u011f\u0131n\u0131 duyurdu. <strong>1 Ocak 2026.<\/strong> Kal\u0131nl\u0131\u011f\u0131nda hem \u00fccretli hem de \u00fccretsiz al\u0131\u015fveri\u015f po\u015fetleri <strong>15 ila 50 mikron<\/strong>ma\u011fazalarda ve s\u00fcpermarketlerde yayg\u0131n olarak kullan\u0131lan, k\u0131s\u0131tlamalara tabi olacakt\u0131r. <\/p>\n\n\n\n<p>Karar, \u00e7evre kirlili\u011fini azaltmay\u0131 ve mikroplastiklerle m\u00fccadeleyi ama\u00e7layan devlet \u00e7evre politikas\u0131 \u00e7er\u00e7evesinde al\u0131nd\u0131. Yetkililere g\u00f6re plastik at\u0131k sorunu kritik bir seviyeye ula\u015fm\u0131\u015ft\u0131r ve kat\u0131 ve sistematik \u00f6nlemler gerektirmektedir. <\/p>\n\n\n\n<p><strong>Fikri Atao\u011flu<\/strong>Ba\u015fbakan Yard\u0131mc\u0131s\u0131 ve Turizm, K\u00fclt\u00fcr, Gen\u00e7lik ve \u00c7evre Koruma Bakan\u0131, ilgili mevzuat de\u011fi\u015fikliklerinin halihaz\u0131rda haz\u0131rland\u0131\u011f\u0131n\u0131 s\u00f6yledi. Yetkililer ayr\u0131ca yeniden kullan\u0131labilir po\u015fetlerin ve di\u011fer do\u011fa dostu \u00e7\u00f6z\u00fcmlerin kullan\u0131m\u0131 da dahil olmak \u00fczere \u00e7evresel a\u00e7\u0131dan s\u00fcrd\u00fcr\u00fclebilir alternatiflere ge\u00e7i\u015f i\u00e7in ad\u0131m ad\u0131m bir plan geli\u015ftirdi. <\/p>\n\n\n\n<p>Kamu bilincini art\u0131rmaya y\u00f6nelik bilgilendirme kampanyalar\u0131 halen uygulanmaktad\u0131r <strong>Kuzey K\u0131br\u0131s'\u0131n alt\u0131 b\u00f6lgesinde<\/strong>. Bu giri\u015fimlerin bir par\u00e7as\u0131 olarak, b\u00f6lge sakinleri yasa\u011f\u0131n nedenleri hakk\u0131nda bilgilendirilmekte ve alternatifler sunulmakta, ayr\u0131ca yeniden kullan\u0131labilir bez torbalar \u00fccretsiz olarak da\u011f\u0131t\u0131lmaktad\u0131r. <\/p>\n\n\n\n<p>Yasa\u011f\u0131n uygulanmas\u0131n\u0131n plastik at\u0131k hacmini \u00f6nemli \u00f6l\u00e7\u00fcde azaltmas\u0131, ekosistemlere verilen zarar\u0131 azaltmas\u0131 ve mikroplastiklerin \u00e7evrede daha fazla birikmesini \u00f6nlemesi bekleniyor. Yetkililer, bu \u00f6nlemlerin uzun vadede do\u011fan\u0131n korunmas\u0131n\u0131 ve gelecek nesillerin ya\u015fam kalitesinin artt\u0131r\u0131lmas\u0131n\u0131 ama\u00e7lad\u0131\u011f\u0131n\u0131 vurguluyor.<\/p>","protected":false},"excerpt":{"rendered":"<p>Kuzey K\u0131br\u0131s makamlar\u0131, 1 Ocak 2026 tarihinde y\u00fcr\u00fcrl\u00fc\u011fe girecek olan hafif plastik po\u015fetlerin kullan\u0131m\u0131n\u0131n tamamen yasaklanaca\u011f\u0131n\u0131 duyurdu. Ma\u011faza ve s\u00fcpermarketlerde yayg\u0131n olarak kullan\u0131lan 15 ila 50 mikron kal\u0131nl\u0131\u011f\u0131ndaki hem \u00fccretli hem de \u00fccretsiz al\u0131\u015fveri\u015f po\u015fetleri k\u0131s\u0131tlamalara tabi olacak. S\u00f6z konusu karar [...]<\/p>","protected":false},"author":2,"featured_media":26661,"comment_status":"closed","ping_status":"closed","sticky":false,"template":"","format":"standard","meta":{"footnotes":""},"categories":[156],"tags":[],"class_list":["post-26660","post","type-post","status-publish","format-standard","has-post-thumbnail","hentry","category-news"],"acf":[],"yoast_head":"<!-- This site is optimized with the Yoast SEO plugin v20.2.1 - https:\/\/yoast.com\/wordpress\/plugins\/seo\/ -->\n<title>In Northern Cyprus, light plastic bags will be completely eliminated from 2026 | Serene Property<\/title>\n<meta name=\"robots\" content=\"index, follow, max-snippet:-1, max-image-preview:large, max-video-preview:-1\" \/>\n<link rel=\"canonical\" href=\"https:\/\/serene-property.com\/tr\/news\/in-northern-cyprus-light-plastic-bags-will-be-completely-eliminated-from-2026\/\" \/>\n<meta property=\"og:locale\" content=\"tr_TR\" \/>\n<meta property=\"og:type\" content=\"article\" \/>\n<meta property=\"og:title\" content=\"In Northern Cyprus, light plastic bags will be completely eliminated from 2026 | Serene Property\" \/>\n<meta property=\"og:description\" content=\"The authorities of Northern Cyprus have announced a complete ban on the use of lightweight plastic bags, which will come into force on January 1, 2026. Both paid and free shopping bags with a thickness of 15 to 50 microns, widely used in stores and supermarkets, will be subject to restrictions. The decision was made [&hellip;]\" \/>\n<meta property=\"og:url\" content=\"https:\/\/serene-property.com\/tr\/news\/in-northern-cyprus-light-plastic-bags-will-be-completely-eliminated-from-2026\/\" \/>\n<meta property=\"og:site_name\" content=\"Serene Property\" \/>\n<meta property=\"article:published_time\" content=\"2025-12-20T10:10:15+00:00\" \/>\n<meta property=\"og:image\" content=\"https:\/\/serene-property.com\/wp-content\/uploads\/2025\/12\/d51e65c8-1a46-4a35-b9ec-e0f1756ab0f3.jpeg\" \/>\n\t<meta property=\"og:image:width\" content=\"1177\" \/>\n\t<meta property=\"og:image:height\" content=\"800\" \/>\n\t<meta property=\"og:image:type\" content=\"image\/jpeg\" \/>\n<meta name=\"author\" content=\"redaktor\" \/>\n<meta name=\"twitter:card\" content=\"summary_large_image\" \/>\n<meta name=\"twitter:label1\" content=\"Yazan:\" \/>\n\t<meta name=\"twitter:data1\" content=\"redaktor\" \/>\n<script type=\"application\/ld+json\" class=\"yoast-schema-graph\">{\"@context\":\"https:\/\/schema.org\",\"@graph\":[{\"@type\":\"WebPage\",\"@id\":\"https:\/\/serene-property.com\/news\/in-northern-cyprus-light-plastic-bags-will-be-completely-eliminated-from-2026\/\",\"url\":\"https:\/\/serene-property.com\/news\/in-northern-cyprus-light-plastic-bags-will-be-completely-eliminated-from-2026\/\",\"name\":\"In Northern Cyprus, light plastic bags will be completely eliminated from 2026 | Serene Property\",\"isPartOf\":{\"@id\":\"https:\/\/serene-property.com\/#website\"},\"datePublished\":\"2025-12-20T10:10:15+00:00\",\"dateModified\":\"2025-12-20T10:10:15+00:00\",\"author\":{\"@id\":\"https:\/\/serene-property.com\/#\/schema\/person\/6ca909f6885d79641ffaf833b9560a1f\"},\"breadcrumb\":{\"@id\":\"https:\/\/serene-property.com\/news\/in-northern-cyprus-light-plastic-bags-will-be-completely-eliminated-from-2026\/#breadcrumb\"},\"inLanguage\":\"tr\",\"potentialAction\":[{\"@type\":\"ReadAction\",\"target\":[\"https:\/\/serene-property.com\/news\/in-northern-cyprus-light-plastic-bags-will-be-completely-eliminated-from-2026\/\"]}]},{\"@type\":\"BreadcrumbList\",\"@id\":\"https:\/\/serene-property.com\/news\/in-northern-cyprus-light-plastic-bags-will-be-completely-eliminated-from-2026\/#breadcrumb\",\"itemListElement\":[{\"@type\":\"ListItem\",\"position\":1,\"name\":\"Home\",\"item\":\"https:\/\/serene-property.com\/\"},{\"@type\":\"ListItem\",\"position\":2,\"name\":\"In Northern Cyprus, light plastic bags will be completely eliminated from 2026\"}]},{\"@type\":\"WebSite\",\"@id\":\"https:\/\/serene-property.com\/#website\",\"url\":\"https:\/\/serene-property.com\/\",\"name\":\"Serene Property\",\"description\":\"\",\"potentialAction\":[{\"@type\":\"SearchAction\",\"target\":{\"@type\":\"EntryPoint\",\"urlTemplate\":\"https:\/\/serene-property.com\/?s={search_term_string}\"},\"query-input\":\"required name=search_term_string\"}],\"inLanguage\":\"tr\"},{\"@type\":\"Person\",\"@id\":\"https:\/\/serene-property.com\/#\/schema\/person\/6ca909f6885d79641ffaf833b9560a1f\",\"name\":\"redaktor\",\"image\":{\"@type\":\"ImageObject\",\"inLanguage\":\"tr\",\"@id\":\"https:\/\/serene-property.com\/#\/schema\/person\/image\/\",\"url\":\"https:\/\/secure.gravatar.com\/avatar\/4bdf96da809dad1254b5b7d62d7b2a67fe41b8dad006b05fc8b7946b5a3fead4?s=96&d=mm&r=g\",\"contentUrl\":\"https:\/\/secure.gravatar.com\/avatar\/4bdf96da809dad1254b5b7d62d7b2a67fe41b8dad006b05fc8b7946b5a3fead4?s=96&d=mm&r=g\",\"caption\":\"redaktor\"},\"url\":\"https:\/\/serene-property.com\/tr\/author\/redaktor\/\"}]}<\/script>\n<!-- \/ Yoast SEO plugin. -->","yoast_head_json":{"title":"In Northern Cyprus, light plastic bags will be completely eliminated from 2026 | Serene Property","robots":{"index":"index","follow":"follow","max-snippet":"max-snippet:-1","max-image-preview":"max-image-preview:large","max-video-preview":"max-video-preview:-1"},"canonical":"https:\/\/serene-property.com\/tr\/news\/in-northern-cyprus-light-plastic-bags-will-be-completely-eliminated-from-2026\/","og_locale":"tr_TR","og_type":"article","og_title":"In Northern Cyprus, light plastic bags will be completely eliminated from 2026 | Serene Property","og_description":"The authorities of Northern Cyprus have announced a complete ban on the use of lightweight plastic bags, which will come into force on January 1, 2026. Both paid and free shopping bags with a thickness of 15 to 50 microns, widely used in stores and supermarkets, will be subject to restrictions. The decision was made [&hellip;]","og_url":"https:\/\/serene-property.com\/tr\/news\/in-northern-cyprus-light-plastic-bags-will-be-completely-eliminated-from-2026\/","og_site_name":"Serene Property","article_published_time":"2025-12-20T10:10:15+00:00","og_image":[{"width":1177,"height":800,"url":"https:\/\/serene-property.com\/wp-content\/uploads\/2025\/12\/d51e65c8-1a46-4a35-b9ec-e0f1756ab0f3.jpeg","type":"image\/jpeg"}],"author":"redaktor","twitter_card":"summary_large_image","twitter_misc":{"Yazan:":"redaktor"},"schema":{"@context":"https:\/\/schema.org","@graph":[{"@type":"WebPage","@id":"https:\/\/serene-property.com\/news\/in-northern-cyprus-light-plastic-bags-will-be-completely-eliminated-from-2026\/","url":"https:\/\/serene-property.com\/news\/in-northern-cyprus-light-plastic-bags-will-be-completely-eliminated-from-2026\/","name":"In Northern Cyprus, light plastic bags will be completely eliminated from 2026 | Serene Property","isPartOf":{"@id":"https:\/\/serene-property.com\/#website"},"datePublished":"2025-12-20T10:10:15+00:00","dateModified":"2025-12-20T10:10:15+00:00","author":{"@id":"https:\/\/serene-property.com\/#\/schema\/person\/6ca909f6885d79641ffaf833b9560a1f"},"breadcrumb":{"@id":"https:\/\/serene-property.com\/news\/in-northern-cyprus-light-plastic-bags-will-be-completely-eliminated-from-2026\/#breadcrumb"},"inLanguage":"tr","potentialAction":[{"@type":"ReadAction","target":["https:\/\/serene-property.com\/news\/in-northern-cyprus-light-plastic-bags-will-be-completely-eliminated-from-2026\/"]}]},{"@type":"BreadcrumbList","@id":"https:\/\/serene-property.com\/news\/in-northern-cyprus-light-plastic-bags-will-be-completely-eliminated-from-2026\/#breadcrumb","itemListElement":[{"@type":"ListItem","position":1,"name":"Home","item":"https:\/\/serene-property.com\/"},{"@type":"ListItem","position":2,"name":"In Northern Cyprus, light plastic bags will be completely eliminated from 2026"}]},{"@type":"WebSite","@id":"https:\/\/serene-property.com\/#website","url":"https:\/\/serene-property.com\/","name":"Serene Property","description":"","potentialAction":[{"@type":"SearchAction","target":{"@type":"EntryPoint","urlTemplate":"https:\/\/serene-property.com\/?s={search_term_string}"},"query-input":"required name=search_term_string"}],"inLanguage":"tr"},{"@type":"Person","@id":"https:\/\/serene-property.com\/#\/schema\/person\/6ca909f6885d79641ffaf833b9560a1f","name":"redaktor","image":{"@type":"ImageObject","inLanguage":"tr","@id":"https:\/\/serene-property.com\/#\/schema\/person\/image\/","url":"https:\/\/secure.gravatar.com\/avatar\/4bdf96da809dad1254b5b7d62d7b2a67fe41b8dad006b05fc8b7946b5a3fead4?s=96&d=mm&r=g","contentUrl":"https:\/\/secure.gravatar.com\/avatar\/4bdf96da809dad1254b5b7d62d7b2a67fe41b8dad006b05fc8b7946b5a3fead4?s=96&d=mm&r=g","caption":"redaktor"},"url":"https:\/\/serene-property.com\/tr\/author\/redaktor\/"}]}},"_links":{"self":[{"href":"https:\/\/serene-property.com\/tr\/wp-json\/wp\/v2\/posts\/26660","targetHints":{"allow":["GET"]}}],"collection":[{"href":"https:\/\/serene-property.com\/tr\/wp-json\/wp\/v2\/posts"}],"about":[{"href":"https:\/\/serene-property.com\/tr\/wp-json\/wp\/v2\/types\/post"}],"author":[{"embeddable":true,"href":"https:\/\/serene-property.com\/tr\/wp-json\/wp\/v2\/users\/2"}],"replies":[{"embeddable":true,"href":"https:\/\/serene-property.com\/tr\/wp-json\/wp\/v2\/comments?post=26660"}],"version-history":[{"count":1,"href":"https:\/\/serene-property.com\/tr\/wp-json\/wp\/v2\/posts\/26660\/revisions"}],"predecessor-version":[{"id":26662,"href":"https:\/\/serene-property.com\/tr\/wp-json\/wp\/v2\/posts\/26660\/revisions\/26662"}],"wp:featuredmedia":[{"embeddable":true,"href":"https:\/\/serene-property.com\/tr\/wp-json\/wp\/v2\/media\/26661"}],"wp:attachment":[{"href":"https:\/\/serene-property.com\/tr\/wp-json\/wp\/v2\/media?parent=26660"}],"wp:term":[{"taxonomy":"category","embeddable":true,"href":"https:\/\/serene-property.com\/tr\/wp-json\/wp\/v2\/categories?post=26660"},{"taxonomy":"post_tag","embeddable":true,"href":"https:\/\/serene-property.com\/tr\/wp-json\/wp\/v2\/tags?post=26660"}],"curies":[{"name":"wp","href":"https:\/\/api.w.org\/{rel}","templated":true}]}}