{"id":26654,"date":"2025-12-20T13:10:00","date_gmt":"2025-12-20T10:10:00","guid":{"rendered":"https:\/\/serene-property.com\/?p=26654"},"modified":"2025-12-20T13:10:00","modified_gmt":"2025-12-20T10:10:00","slug":"the-leaders-of-the-two-cypriot-communities-reaffirmed-their-willingness-to-move-forward-in-finding-a-solution-to-the-cyprus-problem","status":"publish","type":"post","link":"https:\/\/serene-property.com\/tr\/news\/the-leaders-of-the-two-cypriot-communities-reaffirmed-their-willingness-to-move-forward-in-finding-a-solution-to-the-cyprus-problem\/","title":{"rendered":"K\u0131br\u0131s'taki iki toplumun liderleri K\u0131br\u0131s sorununa bir \u00e7\u00f6z\u00fcm bulunmas\u0131 y\u00f6n\u00fcnde ilerleme isteklerini bir kez daha teyit ettiler"},"content":{"rendered":"<p>K\u0131br\u0131s'taki iki toplumun liderleri K\u0131br\u0131s sorununa bir \u00e7\u00f6z\u00fcm bulunmas\u0131 y\u00f6n\u00fcnde ilerleme isteklerini bir kez daha teyit ettiler. Tan\u0131nmayan Kuzey K\u0131br\u0131s T\u00fcrk Cumhuriyeti lideri Tufan Erhurman ve K\u0131br\u0131s Cumhuriyeti Cumhurba\u015fkan\u0131 Nikos Christodoulides, k\u0131sa bir s\u00fcre \u00f6nce yapt\u0131klar\u0131 g\u00f6r\u00fc\u015fmede, \u00e7\u00f6z\u00fcm s\u00fcrecine aktif olarak kat\u0131lma ve bu diyalo\u011fa pratik bir katk\u0131da bulunma niyetlerini teyit ettiler. <\/p>\n\n\n\n<p>Her iki taraf da BM Genel Sekreteri'nin K\u0131br\u0131s \u00d6zel Temsilcisi Maria Angela Holgin ile s\u00fcrekli temas halinde olmay\u0131 ve bir sonraki gayr\u0131 resmi g\u00f6r\u00fc\u015fmelere kat\u0131lmay\u0131 kararla\u015ft\u0131rd\u0131. Bu toplant\u0131lar\u0131n amac\u0131 fikir al\u0131\u015fveri\u015finde bulunmak ve m\u00fczakerelerin daha da ilerletilmesi i\u00e7in olas\u0131 ad\u0131mlar\u0131 belirlemektir. <\/p>\n\n\n\n<p>Tufan Erhurman, K\u0131br\u0131sl\u0131 Rum lidere, b\u00fcy\u00fck siyasi tavizlere gerek kalmadan toplumlar aras\u0131ndaki g\u00fcveni g\u00fc\u00e7lendirebilecek pratik \u00f6nlemleri i\u00e7eren bir \u00f6neri paketi sundu. \u00d6neriler aras\u0131nda ula\u015f\u0131m, ticaret ve enerji alanlar\u0131ndaki giri\u015fimlerin yan\u0131 s\u0131ra ortak teknik komitelerin kurulmas\u0131 da yer al\u0131yor. <\/p>\n\n\n\n<p>Nikos Christodoulides, bu toplant\u0131n\u0131n m\u00fczakerelerin resmi bir a\u015famas\u0131 olmamas\u0131na ra\u011fmen yap\u0131c\u0131 ve samimi bir \u015fekilde ger\u00e7ekle\u015ftirildi\u011fini kaydetti. Hristodulidis'e g\u00f6re bu toplant\u0131n\u0131n sonu\u00e7lar\u0131, Birle\u015fmi\u015f Milletler \u00e7er\u00e7evesinde resmi m\u00fczakerelerin daha \u00f6nce kesintiye u\u011frad\u0131\u011f\u0131 a\u015famadan ba\u015flayarak yeniden ba\u015flamas\u0131 i\u00e7in gerekli \u00f6n ko\u015fullar\u0131 olu\u015fturmaktad\u0131r. <\/p>\n\n\n\n<p>Uluslararas\u0131 g\u00f6zlemciler de bu t\u00fcr temaslar\u0131 olumlu bir sinyal olarak de\u011ferlendiriyor: pratik meseleler \u00fczerine d\u00fczenli g\u00f6r\u00fc\u015fmeler ve liderlerin birlikte \u00e7al\u0131\u015fma iste\u011fi, uzun s\u00fcredir devam eden \u00e7at\u0131\u015fman\u0131n \u00e7\u00f6z\u00fcm s\u00fcrecini yava\u015f yava\u015f canland\u0131rabilir.<\/p>","protected":false},"excerpt":{"rendered":"<p>K\u0131br\u0131s'taki iki toplumun liderleri K\u0131br\u0131s sorununa bir \u00e7\u00f6z\u00fcm bulunmas\u0131 y\u00f6n\u00fcnde ilerleme isteklerini bir kez daha teyit ettiler. Tan\u0131nmayan Kuzey K\u0131br\u0131s T\u00fcrk Cumhuriyeti lideri Tufan Erhurman ve K\u0131br\u0131s Cumhuriyeti Cumhurba\u015fkan\u0131 Nikos Christodoulides k\u0131sa bir s\u00fcre \u00f6nce ger\u00e7ekle\u015ftirdikleri g\u00f6r\u00fc\u015fmede \u00e7\u00f6z\u00fcm s\u00fcrecine aktif olarak kat\u0131lma niyetlerini teyit ettiler [...]<\/p>","protected":false},"author":2,"featured_media":26655,"comment_status":"closed","ping_status":"closed","sticky":false,"template":"","format":"standard","meta":{"footnotes":""},"categories":[156],"tags":[],"class_list":["post-26654","post","type-post","status-publish","format-standard","has-post-thumbnail","hentry","category-news"],"acf":[],"yoast_head":"<!-- This site is optimized with the Yoast SEO plugin v20.2.1 - https:\/\/yoast.com\/wordpress\/plugins\/seo\/ -->\n<title>The leaders of the two Cypriot communities reaffirmed their willingness to move forward in finding a solution to the Cyprus problem | Serene Property<\/title>\n<meta name=\"robots\" content=\"index, follow, max-snippet:-1, max-image-preview:large, max-video-preview:-1\" \/>\n<link rel=\"canonical\" href=\"https:\/\/serene-property.com\/tr\/news\/the-leaders-of-the-two-cypriot-communities-reaffirmed-their-willingness-to-move-forward-in-finding-a-solution-to-the-cyprus-problem\/\" \/>\n<meta property=\"og:locale\" content=\"tr_TR\" \/>\n<meta property=\"og:type\" content=\"article\" \/>\n<meta property=\"og:title\" content=\"The leaders of the two Cypriot communities reaffirmed their willingness to move forward in finding a solution to the Cyprus problem | Serene Property\" \/>\n<meta property=\"og:description\" content=\"The leaders of the two Cypriot communities reaffirmed their willingness to move forward in finding a solution to the Cyprus problem. At a recent meeting, Tufan Erhurman, leader of the unrecognized Turkish Republic of Northern Cyprus, and Nikos Christodoulides, President of the Republic of Cyprus, confirmed their intention to actively participate in the settlement process [&hellip;]\" \/>\n<meta property=\"og:url\" content=\"https:\/\/serene-property.com\/tr\/news\/the-leaders-of-the-two-cypriot-communities-reaffirmed-their-willingness-to-move-forward-in-finding-a-solution-to-the-cyprus-problem\/\" \/>\n<meta property=\"og:site_name\" content=\"Serene Property\" \/>\n<meta property=\"article:published_time\" content=\"2025-12-20T10:10:00+00:00\" \/>\n<meta property=\"og:image\" content=\"https:\/\/serene-property.com\/wp-content\/uploads\/2025\/12\/aefc235d-99c0-4756-a693-64048c20e65d.jpeg\" \/>\n\t<meta property=\"og:image:width\" content=\"1320\" \/>\n\t<meta property=\"og:image:height\" content=\"720\" \/>\n\t<meta property=\"og:image:type\" content=\"image\/jpeg\" \/>\n<meta name=\"author\" content=\"redaktor\" \/>\n<meta name=\"twitter:card\" content=\"summary_large_image\" \/>\n<meta name=\"twitter:label1\" content=\"Yazan:\" \/>\n\t<meta name=\"twitter:data1\" content=\"redaktor\" \/>\n<script type=\"application\/ld+json\" class=\"yoast-schema-graph\">{\"@context\":\"https:\/\/schema.org\",\"@graph\":[{\"@type\":\"WebPage\",\"@id\":\"https:\/\/serene-property.com\/news\/the-leaders-of-the-two-cypriot-communities-reaffirmed-their-willingness-to-move-forward-in-finding-a-solution-to-the-cyprus-problem\/\",\"url\":\"https:\/\/serene-property.com\/news\/the-leaders-of-the-two-cypriot-communities-reaffirmed-their-willingness-to-move-forward-in-finding-a-solution-to-the-cyprus-problem\/\",\"name\":\"The leaders of the two Cypriot communities reaffirmed their willingness to move forward in finding a solution to the Cyprus problem | Serene Property\",\"isPartOf\":{\"@id\":\"https:\/\/serene-property.com\/#website\"},\"datePublished\":\"2025-12-20T10:10:00+00:00\",\"dateModified\":\"2025-12-20T10:10:00+00:00\",\"author\":{\"@id\":\"https:\/\/serene-property.com\/#\/schema\/person\/6ca909f6885d79641ffaf833b9560a1f\"},\"breadcrumb\":{\"@id\":\"https:\/\/serene-property.com\/news\/the-leaders-of-the-two-cypriot-communities-reaffirmed-their-willingness-to-move-forward-in-finding-a-solution-to-the-cyprus-problem\/#breadcrumb\"},\"inLanguage\":\"tr\",\"potentialAction\":[{\"@type\":\"ReadAction\",\"target\":[\"https:\/\/serene-property.com\/news\/the-leaders-of-the-two-cypriot-communities-reaffirmed-their-willingness-to-move-forward-in-finding-a-solution-to-the-cyprus-problem\/\"]}]},{\"@type\":\"BreadcrumbList\",\"@id\":\"https:\/\/serene-property.com\/news\/the-leaders-of-the-two-cypriot-communities-reaffirmed-their-willingness-to-move-forward-in-finding-a-solution-to-the-cyprus-problem\/#breadcrumb\",\"itemListElement\":[{\"@type\":\"ListItem\",\"position\":1,\"name\":\"Home\",\"item\":\"https:\/\/serene-property.com\/\"},{\"@type\":\"ListItem\",\"position\":2,\"name\":\"The leaders of the two Cypriot communities reaffirmed their willingness to move forward in finding a solution to the Cyprus problem\"}]},{\"@type\":\"WebSite\",\"@id\":\"https:\/\/serene-property.com\/#website\",\"url\":\"https:\/\/serene-property.com\/\",\"name\":\"Serene Property\",\"description\":\"\",\"potentialAction\":[{\"@type\":\"SearchAction\",\"target\":{\"@type\":\"EntryPoint\",\"urlTemplate\":\"https:\/\/serene-property.com\/?s={search_term_string}\"},\"query-input\":\"required name=search_term_string\"}],\"inLanguage\":\"tr\"},{\"@type\":\"Person\",\"@id\":\"https:\/\/serene-property.com\/#\/schema\/person\/6ca909f6885d79641ffaf833b9560a1f\",\"name\":\"redaktor\",\"image\":{\"@type\":\"ImageObject\",\"inLanguage\":\"tr\",\"@id\":\"https:\/\/serene-property.com\/#\/schema\/person\/image\/\",\"url\":\"https:\/\/secure.gravatar.com\/avatar\/4bdf96da809dad1254b5b7d62d7b2a67fe41b8dad006b05fc8b7946b5a3fead4?s=96&d=mm&r=g\",\"contentUrl\":\"https:\/\/secure.gravatar.com\/avatar\/4bdf96da809dad1254b5b7d62d7b2a67fe41b8dad006b05fc8b7946b5a3fead4?s=96&d=mm&r=g\",\"caption\":\"redaktor\"},\"url\":\"https:\/\/serene-property.com\/tr\/author\/redaktor\/\"}]}<\/script>\n<!-- \/ Yoast SEO plugin. -->","yoast_head_json":{"title":"The leaders of the two Cypriot communities reaffirmed their willingness to move forward in finding a solution to the Cyprus problem | Serene Property","robots":{"index":"index","follow":"follow","max-snippet":"max-snippet:-1","max-image-preview":"max-image-preview:large","max-video-preview":"max-video-preview:-1"},"canonical":"https:\/\/serene-property.com\/tr\/news\/the-leaders-of-the-two-cypriot-communities-reaffirmed-their-willingness-to-move-forward-in-finding-a-solution-to-the-cyprus-problem\/","og_locale":"tr_TR","og_type":"article","og_title":"The leaders of the two Cypriot communities reaffirmed their willingness to move forward in finding a solution to the Cyprus problem | Serene Property","og_description":"The leaders of the two Cypriot communities reaffirmed their willingness to move forward in finding a solution to the Cyprus problem. At a recent meeting, Tufan Erhurman, leader of the unrecognized Turkish Republic of Northern Cyprus, and Nikos Christodoulides, President of the Republic of Cyprus, confirmed their intention to actively participate in the settlement process [&hellip;]","og_url":"https:\/\/serene-property.com\/tr\/news\/the-leaders-of-the-two-cypriot-communities-reaffirmed-their-willingness-to-move-forward-in-finding-a-solution-to-the-cyprus-problem\/","og_site_name":"Serene Property","article_published_time":"2025-12-20T10:10:00+00:00","og_image":[{"width":1320,"height":720,"url":"https:\/\/serene-property.com\/wp-content\/uploads\/2025\/12\/aefc235d-99c0-4756-a693-64048c20e65d.jpeg","type":"image\/jpeg"}],"author":"redaktor","twitter_card":"summary_large_image","twitter_misc":{"Yazan:":"redaktor"},"schema":{"@context":"https:\/\/schema.org","@graph":[{"@type":"WebPage","@id":"https:\/\/serene-property.com\/news\/the-leaders-of-the-two-cypriot-communities-reaffirmed-their-willingness-to-move-forward-in-finding-a-solution-to-the-cyprus-problem\/","url":"https:\/\/serene-property.com\/news\/the-leaders-of-the-two-cypriot-communities-reaffirmed-their-willingness-to-move-forward-in-finding-a-solution-to-the-cyprus-problem\/","name":"The leaders of the two Cypriot communities reaffirmed their willingness to move forward in finding a solution to the Cyprus problem | Serene Property","isPartOf":{"@id":"https:\/\/serene-property.com\/#website"},"datePublished":"2025-12-20T10:10:00+00:00","dateModified":"2025-12-20T10:10:00+00:00","author":{"@id":"https:\/\/serene-property.com\/#\/schema\/person\/6ca909f6885d79641ffaf833b9560a1f"},"breadcrumb":{"@id":"https:\/\/serene-property.com\/news\/the-leaders-of-the-two-cypriot-communities-reaffirmed-their-willingness-to-move-forward-in-finding-a-solution-to-the-cyprus-problem\/#breadcrumb"},"inLanguage":"tr","potentialAction":[{"@type":"ReadAction","target":["https:\/\/serene-property.com\/news\/the-leaders-of-the-two-cypriot-communities-reaffirmed-their-willingness-to-move-forward-in-finding-a-solution-to-the-cyprus-problem\/"]}]},{"@type":"BreadcrumbList","@id":"https:\/\/serene-property.com\/news\/the-leaders-of-the-two-cypriot-communities-reaffirmed-their-willingness-to-move-forward-in-finding-a-solution-to-the-cyprus-problem\/#breadcrumb","itemListElement":[{"@type":"ListItem","position":1,"name":"Home","item":"https:\/\/serene-property.com\/"},{"@type":"ListItem","position":2,"name":"The leaders of the two Cypriot communities reaffirmed their willingness to move forward in finding a solution to the Cyprus problem"}]},{"@type":"WebSite","@id":"https:\/\/serene-property.com\/#website","url":"https:\/\/serene-property.com\/","name":"Serene Property","description":"","potentialAction":[{"@type":"SearchAction","target":{"@type":"EntryPoint","urlTemplate":"https:\/\/serene-property.com\/?s={search_term_string}"},"query-input":"required name=search_term_string"}],"inLanguage":"tr"},{"@type":"Person","@id":"https:\/\/serene-property.com\/#\/schema\/person\/6ca909f6885d79641ffaf833b9560a1f","name":"redaktor","image":{"@type":"ImageObject","inLanguage":"tr","@id":"https:\/\/serene-property.com\/#\/schema\/person\/image\/","url":"https:\/\/secure.gravatar.com\/avatar\/4bdf96da809dad1254b5b7d62d7b2a67fe41b8dad006b05fc8b7946b5a3fead4?s=96&d=mm&r=g","contentUrl":"https:\/\/secure.gravatar.com\/avatar\/4bdf96da809dad1254b5b7d62d7b2a67fe41b8dad006b05fc8b7946b5a3fead4?s=96&d=mm&r=g","caption":"redaktor"},"url":"https:\/\/serene-property.com\/tr\/author\/redaktor\/"}]}},"_links":{"self":[{"href":"https:\/\/serene-property.com\/tr\/wp-json\/wp\/v2\/posts\/26654","targetHints":{"allow":["GET"]}}],"collection":[{"href":"https:\/\/serene-property.com\/tr\/wp-json\/wp\/v2\/posts"}],"about":[{"href":"https:\/\/serene-property.com\/tr\/wp-json\/wp\/v2\/types\/post"}],"author":[{"embeddable":true,"href":"https:\/\/serene-property.com\/tr\/wp-json\/wp\/v2\/users\/2"}],"replies":[{"embeddable":true,"href":"https:\/\/serene-property.com\/tr\/wp-json\/wp\/v2\/comments?post=26654"}],"version-history":[{"count":1,"href":"https:\/\/serene-property.com\/tr\/wp-json\/wp\/v2\/posts\/26654\/revisions"}],"predecessor-version":[{"id":26656,"href":"https:\/\/serene-property.com\/tr\/wp-json\/wp\/v2\/posts\/26654\/revisions\/26656"}],"wp:featuredmedia":[{"embeddable":true,"href":"https:\/\/serene-property.com\/tr\/wp-json\/wp\/v2\/media\/26655"}],"wp:attachment":[{"href":"https:\/\/serene-property.com\/tr\/wp-json\/wp\/v2\/media?parent=26654"}],"wp:term":[{"taxonomy":"category","embeddable":true,"href":"https:\/\/serene-property.com\/tr\/wp-json\/wp\/v2\/categories?post=26654"},{"taxonomy":"post_tag","embeddable":true,"href":"https:\/\/serene-property.com\/tr\/wp-json\/wp\/v2\/tags?post=26654"}],"curies":[{"name":"wp","href":"https:\/\/api.w.org\/{rel}","templated":true}]}}