{"id":26654,"date":"2025-12-20T13:10:00","date_gmt":"2025-12-20T10:10:00","guid":{"rendered":"https:\/\/serene-property.com\/?p=26654"},"modified":"2025-12-20T13:10:00","modified_gmt":"2025-12-20T10:10:00","slug":"the-leaders-of-the-two-cypriot-communities-reaffirmed-their-willingness-to-move-forward-in-finding-a-solution-to-the-cyprus-problem","status":"publish","type":"post","link":"https:\/\/serene-property.com\/sv\/news\/the-leaders-of-the-two-cypriot-communities-reaffirmed-their-willingness-to-move-forward-in-finding-a-solution-to-the-cyprus-problem\/","title":{"rendered":"Ledarna f\u00f6r de tv\u00e5 cypriotiska befolkningsgrupperna bekr\u00e4ftade sin vilja att g\u00e5 vidare f\u00f6r att finna en l\u00f6sning p\u00e5 Cypernproblemet"},"content":{"rendered":"<p>Ledarna f\u00f6r de tv\u00e5 cypriotiska befolkningsgrupperna bekr\u00e4ftade sin vilja att g\u00e5 vidare f\u00f6r att finna en l\u00f6sning p\u00e5 Cypernproblemet. Vid ett m\u00f6te nyligen bekr\u00e4ftade Tufan Erhurman, ledare f\u00f6r den icke erk\u00e4nda turkiska republiken Norra Cypern, och Nikos Christodoulides, Republiken Cyperns president, sin avsikt att aktivt delta i l\u00f6sningsprocessen och ge ett praktiskt bidrag till denna dialog. <\/p>\n\n\n\n<p>B\u00e5da sidor enades om att h\u00e5lla st\u00e4ndig kontakt med FN:s generalsekreterares personliga representant f\u00f6r Cypern, Maria Angela Holgin, och avser att delta i n\u00e4sta omg\u00e5ng informella diskussioner. Dessa m\u00f6ten syftar till att utbyta id\u00e9er och identifiera m\u00f6jliga steg f\u00f6r att ytterligare f\u00f6ra f\u00f6rhandlingarna fram\u00e5t. <\/p>\n\n\n\n<p>Tufan Erhurman presenterade f\u00f6r den grekcypriotiske ledaren ett paket med sina f\u00f6rslag, inklusive praktiska \u00e5tg\u00e4rder som kan st\u00e4rka f\u00f6rtroendet mellan samh\u00e4llena utan att det kr\u00e4vs n\u00e5gra st\u00f6rre politiska eftergifter. Bland f\u00f6rslagen finns initiativ inom omr\u00e5dena transport, handel, energi, samt organisering av gemensamma tekniska kommitt\u00e9er. <\/p>\n\n\n\n<p>Nikos Christodoulides noterade att \u00e4ven om detta m\u00f6te inte var en officiell f\u00f6rhandlingsfas, h\u00f6lls det p\u00e5 ett konstruktivt och uppriktigt s\u00e4tt. Enligt honom skapar resultaten av m\u00f6tet f\u00f6ruts\u00e4ttningar f\u00f6r att \u00e5teruppta de formella f\u00f6rhandlingarna inom ramen f\u00f6r FN, med utg\u00e5ngspunkt fr\u00e5n det skede d\u00e5 de tidigare avbr\u00f6ts. <\/p>\n\n\n\n<p>Internationella observat\u00f6rer ser ocks\u00e5 dessa kontakter som en positiv signal: regelbundna diskussioner om praktiska fr\u00e5gor och ledarnas vilja att arbeta tillsammans kan gradvis \u00e5teruppliva processen f\u00f6r att l\u00f6sa den utdragna konflikten.<\/p>","protected":false},"excerpt":{"rendered":"<p>Ledarna f\u00f6r de tv\u00e5 cypriotiska befolkningsgrupperna bekr\u00e4ftade sin vilja att g\u00e5 vidare f\u00f6r att finna en l\u00f6sning p\u00e5 Cypernproblemet. Vid ett m\u00f6te nyligen bekr\u00e4ftade Tufan Erhurman, ledare f\u00f6r den icke erk\u00e4nda turkiska republiken Norra Cypern, och Nikos Christodoulides, Republiken Cyperns president, att de har f\u00f6r avsikt att aktivt delta i l\u00f6sningsprocessen [...].<\/p>","protected":false},"author":2,"featured_media":26655,"comment_status":"closed","ping_status":"closed","sticky":false,"template":"","format":"standard","meta":{"footnotes":""},"categories":[156],"tags":[],"class_list":["post-26654","post","type-post","status-publish","format-standard","has-post-thumbnail","hentry","category-news"],"acf":[],"yoast_head":"<!-- This site is optimized with the Yoast SEO plugin v20.2.1 - https:\/\/yoast.com\/wordpress\/plugins\/seo\/ -->\n<title>The leaders of the two Cypriot communities reaffirmed their willingness to move forward in finding a solution to the Cyprus problem | Serene Property<\/title>\n<meta name=\"robots\" content=\"index, follow, max-snippet:-1, max-image-preview:large, max-video-preview:-1\" \/>\n<link rel=\"canonical\" href=\"https:\/\/serene-property.com\/sv\/news\/the-leaders-of-the-two-cypriot-communities-reaffirmed-their-willingness-to-move-forward-in-finding-a-solution-to-the-cyprus-problem\/\" \/>\n<meta property=\"og:locale\" content=\"sv_SE\" \/>\n<meta property=\"og:type\" content=\"article\" \/>\n<meta property=\"og:title\" content=\"The leaders of the two Cypriot communities reaffirmed their willingness to move forward in finding a solution to the Cyprus problem | Serene Property\" \/>\n<meta property=\"og:description\" content=\"The leaders of the two Cypriot communities reaffirmed their willingness to move forward in finding a solution to the Cyprus problem. At a recent meeting, Tufan Erhurman, leader of the unrecognized Turkish Republic of Northern Cyprus, and Nikos Christodoulides, President of the Republic of Cyprus, confirmed their intention to actively participate in the settlement process [&hellip;]\" \/>\n<meta property=\"og:url\" content=\"https:\/\/serene-property.com\/sv\/news\/the-leaders-of-the-two-cypriot-communities-reaffirmed-their-willingness-to-move-forward-in-finding-a-solution-to-the-cyprus-problem\/\" \/>\n<meta property=\"og:site_name\" content=\"Serene Property\" \/>\n<meta property=\"article:published_time\" content=\"2025-12-20T10:10:00+00:00\" \/>\n<meta property=\"og:image\" content=\"https:\/\/serene-property.com\/wp-content\/uploads\/2025\/12\/aefc235d-99c0-4756-a693-64048c20e65d.jpeg\" \/>\n\t<meta property=\"og:image:width\" content=\"1320\" \/>\n\t<meta property=\"og:image:height\" content=\"720\" \/>\n\t<meta property=\"og:image:type\" content=\"image\/jpeg\" \/>\n<meta name=\"author\" content=\"redaktor\" \/>\n<meta name=\"twitter:card\" content=\"summary_large_image\" \/>\n<meta name=\"twitter:label1\" content=\"Skriven av\" \/>\n\t<meta name=\"twitter:data1\" content=\"redaktor\" \/>\n<script type=\"application\/ld+json\" class=\"yoast-schema-graph\">{\"@context\":\"https:\/\/schema.org\",\"@graph\":[{\"@type\":\"WebPage\",\"@id\":\"https:\/\/serene-property.com\/news\/the-leaders-of-the-two-cypriot-communities-reaffirmed-their-willingness-to-move-forward-in-finding-a-solution-to-the-cyprus-problem\/\",\"url\":\"https:\/\/serene-property.com\/news\/the-leaders-of-the-two-cypriot-communities-reaffirmed-their-willingness-to-move-forward-in-finding-a-solution-to-the-cyprus-problem\/\",\"name\":\"The leaders of the two Cypriot communities reaffirmed their willingness to move forward in finding a solution to the Cyprus problem | Serene Property\",\"isPartOf\":{\"@id\":\"https:\/\/serene-property.com\/#website\"},\"datePublished\":\"2025-12-20T10:10:00+00:00\",\"dateModified\":\"2025-12-20T10:10:00+00:00\",\"author\":{\"@id\":\"https:\/\/serene-property.com\/#\/schema\/person\/6ca909f6885d79641ffaf833b9560a1f\"},\"breadcrumb\":{\"@id\":\"https:\/\/serene-property.com\/news\/the-leaders-of-the-two-cypriot-communities-reaffirmed-their-willingness-to-move-forward-in-finding-a-solution-to-the-cyprus-problem\/#breadcrumb\"},\"inLanguage\":\"sv-SE\",\"potentialAction\":[{\"@type\":\"ReadAction\",\"target\":[\"https:\/\/serene-property.com\/news\/the-leaders-of-the-two-cypriot-communities-reaffirmed-their-willingness-to-move-forward-in-finding-a-solution-to-the-cyprus-problem\/\"]}]},{\"@type\":\"BreadcrumbList\",\"@id\":\"https:\/\/serene-property.com\/news\/the-leaders-of-the-two-cypriot-communities-reaffirmed-their-willingness-to-move-forward-in-finding-a-solution-to-the-cyprus-problem\/#breadcrumb\",\"itemListElement\":[{\"@type\":\"ListItem\",\"position\":1,\"name\":\"Home\",\"item\":\"https:\/\/serene-property.com\/\"},{\"@type\":\"ListItem\",\"position\":2,\"name\":\"The leaders of the two Cypriot communities reaffirmed their willingness to move forward in finding a solution to the Cyprus problem\"}]},{\"@type\":\"WebSite\",\"@id\":\"https:\/\/serene-property.com\/#website\",\"url\":\"https:\/\/serene-property.com\/\",\"name\":\"Serene Property\",\"description\":\"\",\"potentialAction\":[{\"@type\":\"SearchAction\",\"target\":{\"@type\":\"EntryPoint\",\"urlTemplate\":\"https:\/\/serene-property.com\/?s={search_term_string}\"},\"query-input\":\"required name=search_term_string\"}],\"inLanguage\":\"sv-SE\"},{\"@type\":\"Person\",\"@id\":\"https:\/\/serene-property.com\/#\/schema\/person\/6ca909f6885d79641ffaf833b9560a1f\",\"name\":\"redaktor\",\"image\":{\"@type\":\"ImageObject\",\"inLanguage\":\"sv-SE\",\"@id\":\"https:\/\/serene-property.com\/#\/schema\/person\/image\/\",\"url\":\"https:\/\/secure.gravatar.com\/avatar\/4bdf96da809dad1254b5b7d62d7b2a67fe41b8dad006b05fc8b7946b5a3fead4?s=96&d=mm&r=g\",\"contentUrl\":\"https:\/\/secure.gravatar.com\/avatar\/4bdf96da809dad1254b5b7d62d7b2a67fe41b8dad006b05fc8b7946b5a3fead4?s=96&d=mm&r=g\",\"caption\":\"redaktor\"},\"url\":\"https:\/\/serene-property.com\/sv\/author\/redaktor\/\"}]}<\/script>\n<!-- \/ Yoast SEO plugin. -->","yoast_head_json":{"title":"The leaders of the two Cypriot communities reaffirmed their willingness to move forward in finding a solution to the Cyprus problem | Serene Property","robots":{"index":"index","follow":"follow","max-snippet":"max-snippet:-1","max-image-preview":"max-image-preview:large","max-video-preview":"max-video-preview:-1"},"canonical":"https:\/\/serene-property.com\/sv\/news\/the-leaders-of-the-two-cypriot-communities-reaffirmed-their-willingness-to-move-forward-in-finding-a-solution-to-the-cyprus-problem\/","og_locale":"sv_SE","og_type":"article","og_title":"The leaders of the two Cypriot communities reaffirmed their willingness to move forward in finding a solution to the Cyprus problem | Serene Property","og_description":"The leaders of the two Cypriot communities reaffirmed their willingness to move forward in finding a solution to the Cyprus problem. At a recent meeting, Tufan Erhurman, leader of the unrecognized Turkish Republic of Northern Cyprus, and Nikos Christodoulides, President of the Republic of Cyprus, confirmed their intention to actively participate in the settlement process [&hellip;]","og_url":"https:\/\/serene-property.com\/sv\/news\/the-leaders-of-the-two-cypriot-communities-reaffirmed-their-willingness-to-move-forward-in-finding-a-solution-to-the-cyprus-problem\/","og_site_name":"Serene Property","article_published_time":"2025-12-20T10:10:00+00:00","og_image":[{"width":1320,"height":720,"url":"https:\/\/serene-property.com\/wp-content\/uploads\/2025\/12\/aefc235d-99c0-4756-a693-64048c20e65d.jpeg","type":"image\/jpeg"}],"author":"redaktor","twitter_card":"summary_large_image","twitter_misc":{"Skriven av":"redaktor"},"schema":{"@context":"https:\/\/schema.org","@graph":[{"@type":"WebPage","@id":"https:\/\/serene-property.com\/news\/the-leaders-of-the-two-cypriot-communities-reaffirmed-their-willingness-to-move-forward-in-finding-a-solution-to-the-cyprus-problem\/","url":"https:\/\/serene-property.com\/news\/the-leaders-of-the-two-cypriot-communities-reaffirmed-their-willingness-to-move-forward-in-finding-a-solution-to-the-cyprus-problem\/","name":"The leaders of the two Cypriot communities reaffirmed their willingness to move forward in finding a solution to the Cyprus problem | Serene Property","isPartOf":{"@id":"https:\/\/serene-property.com\/#website"},"datePublished":"2025-12-20T10:10:00+00:00","dateModified":"2025-12-20T10:10:00+00:00","author":{"@id":"https:\/\/serene-property.com\/#\/schema\/person\/6ca909f6885d79641ffaf833b9560a1f"},"breadcrumb":{"@id":"https:\/\/serene-property.com\/news\/the-leaders-of-the-two-cypriot-communities-reaffirmed-their-willingness-to-move-forward-in-finding-a-solution-to-the-cyprus-problem\/#breadcrumb"},"inLanguage":"sv-SE","potentialAction":[{"@type":"ReadAction","target":["https:\/\/serene-property.com\/news\/the-leaders-of-the-two-cypriot-communities-reaffirmed-their-willingness-to-move-forward-in-finding-a-solution-to-the-cyprus-problem\/"]}]},{"@type":"BreadcrumbList","@id":"https:\/\/serene-property.com\/news\/the-leaders-of-the-two-cypriot-communities-reaffirmed-their-willingness-to-move-forward-in-finding-a-solution-to-the-cyprus-problem\/#breadcrumb","itemListElement":[{"@type":"ListItem","position":1,"name":"Home","item":"https:\/\/serene-property.com\/"},{"@type":"ListItem","position":2,"name":"The leaders of the two Cypriot communities reaffirmed their willingness to move forward in finding a solution to the Cyprus problem"}]},{"@type":"WebSite","@id":"https:\/\/serene-property.com\/#website","url":"https:\/\/serene-property.com\/","name":"Serene Property","description":"","potentialAction":[{"@type":"SearchAction","target":{"@type":"EntryPoint","urlTemplate":"https:\/\/serene-property.com\/?s={search_term_string}"},"query-input":"required name=search_term_string"}],"inLanguage":"sv-SE"},{"@type":"Person","@id":"https:\/\/serene-property.com\/#\/schema\/person\/6ca909f6885d79641ffaf833b9560a1f","name":"redaktor","image":{"@type":"ImageObject","inLanguage":"sv-SE","@id":"https:\/\/serene-property.com\/#\/schema\/person\/image\/","url":"https:\/\/secure.gravatar.com\/avatar\/4bdf96da809dad1254b5b7d62d7b2a67fe41b8dad006b05fc8b7946b5a3fead4?s=96&d=mm&r=g","contentUrl":"https:\/\/secure.gravatar.com\/avatar\/4bdf96da809dad1254b5b7d62d7b2a67fe41b8dad006b05fc8b7946b5a3fead4?s=96&d=mm&r=g","caption":"redaktor"},"url":"https:\/\/serene-property.com\/sv\/author\/redaktor\/"}]}},"_links":{"self":[{"href":"https:\/\/serene-property.com\/sv\/wp-json\/wp\/v2\/posts\/26654","targetHints":{"allow":["GET"]}}],"collection":[{"href":"https:\/\/serene-property.com\/sv\/wp-json\/wp\/v2\/posts"}],"about":[{"href":"https:\/\/serene-property.com\/sv\/wp-json\/wp\/v2\/types\/post"}],"author":[{"embeddable":true,"href":"https:\/\/serene-property.com\/sv\/wp-json\/wp\/v2\/users\/2"}],"replies":[{"embeddable":true,"href":"https:\/\/serene-property.com\/sv\/wp-json\/wp\/v2\/comments?post=26654"}],"version-history":[{"count":1,"href":"https:\/\/serene-property.com\/sv\/wp-json\/wp\/v2\/posts\/26654\/revisions"}],"predecessor-version":[{"id":26656,"href":"https:\/\/serene-property.com\/sv\/wp-json\/wp\/v2\/posts\/26654\/revisions\/26656"}],"wp:featuredmedia":[{"embeddable":true,"href":"https:\/\/serene-property.com\/sv\/wp-json\/wp\/v2\/media\/26655"}],"wp:attachment":[{"href":"https:\/\/serene-property.com\/sv\/wp-json\/wp\/v2\/media?parent=26654"}],"wp:term":[{"taxonomy":"category","embeddable":true,"href":"https:\/\/serene-property.com\/sv\/wp-json\/wp\/v2\/categories?post=26654"},{"taxonomy":"post_tag","embeddable":true,"href":"https:\/\/serene-property.com\/sv\/wp-json\/wp\/v2\/tags?post=26654"}],"curies":[{"name":"wp","href":"https:\/\/api.w.org\/{rel}","templated":true}]}}