{"id":26654,"date":"2025-12-20T13:10:00","date_gmt":"2025-12-20T10:10:00","guid":{"rendered":"https:\/\/serene-property.com\/?p=26654"},"modified":"2025-12-20T13:10:00","modified_gmt":"2025-12-20T10:10:00","slug":"the-leaders-of-the-two-cypriot-communities-reaffirmed-their-willingness-to-move-forward-in-finding-a-solution-to-the-cyprus-problem","status":"publish","type":"post","link":"https:\/\/serene-property.com\/sk\/news\/the-leaders-of-the-two-cypriot-communities-reaffirmed-their-willingness-to-move-forward-in-finding-a-solution-to-the-cyprus-problem\/","title":{"rendered":"Ved\u00faci predstavitelia oboch cypersk\u00fdch komun\u00edt potvrdili svoju ochotu pokro\u010di\u0165 v h\u013eadan\u00ed rie\u0161enia cypersk\u00e9ho probl\u00e9mu"},"content":{"rendered":"<p>Ved\u00faci predstavitelia oboch cypersk\u00fdch komun\u00edt op\u00e4tovne potvrdili svoju ochotu pokro\u010di\u0165 v h\u013eadan\u00ed rie\u0161enia cypersk\u00e9ho probl\u00e9mu. Na ned\u00e1vnom stretnut\u00ed Tufan Erhurman, vodca neuznanej Severocyperskej tureckej republiky, a Nikos Christodoulides, prezident Cyperskej republiky, potvrdili svoj z\u00e1mer akt\u00edvne sa z\u00fa\u010dastni\u0165 na procese urovnania a prakticky prispie\u0165 k tomuto dial\u00f3gu. <\/p>\n\n\n\n<p>Obe strany sa dohodli, \u017ee bud\u00fa v neust\u00e1lom kontakte s osobnou z\u00e1stupky\u0148ou gener\u00e1lneho tajomn\u00edka OSN pre Cyprus Mariou Angelou Holginovou a maj\u00fa v \u00famysle z\u00fa\u010dastni\u0165 sa na \u010fal\u0161om kole neform\u00e1lnych rokovan\u00ed. Cie\u013eom t\u00fdchto stretnut\u00ed je v\u00fdmena n\u00e1zorov a ur\u010denie mo\u017en\u00fdch krokov na \u010fal\u0161\u00ed pokrok v rokovaniach. <\/p>\n\n\n\n<p>Tufan Erhurman predlo\u017eil l\u00eddrovi cypersk\u00fdch Gr\u00e9kov bal\u00edk svojich n\u00e1vrhov vr\u00e1tane praktick\u00fdch opatren\u00ed, ktor\u00e9 m\u00f4\u017eu posilni\u0165 d\u00f4veru medzi komunitami bez potreby ve\u013ek\u00fdch politick\u00fdch \u00fastupkov. Medzi n\u00e1vrhmi s\u00fa iniciat\u00edvy v oblasti dopravy, obchodu, energetiky, ako aj organiz\u00e1cia spolo\u010dn\u00fdch technick\u00fdch v\u00fdborov. <\/p>\n\n\n\n<p>Nikos Christodoulides poznamenal, \u017ee hoci toto stretnutie nebolo ofici\u00e1lnou f\u00e1zou rokovan\u00ed, prebiehalo kon\u0161trukt\u00edvne a \u00faprimne. Pod\u013ea neho jeho v\u00fdsledky vytv\u00e1raj\u00fa predpoklady na obnovenie ofici\u00e1lnych rokovan\u00ed v r\u00e1mci OSN, ktor\u00e9 sa za\u010dn\u00fa od f\u00e1zy, v ktorej boli predt\u00fdm preru\u0161en\u00e9. <\/p>\n\n\n\n<p>Aj medzin\u00e1rodn\u00ed pozorovatelia hodnotia tak\u00e9to kontakty ako pozit\u00edvny sign\u00e1l: pravideln\u00e9 diskusie o praktick\u00fdch ot\u00e1zkach a ochota l\u00eddrov spolupracova\u0165 m\u00f4\u017eu postupne o\u017eivi\u0165 proces rie\u0161enia vlekl\u00e9ho konfliktu.<\/p>","protected":false},"excerpt":{"rendered":"<p>Ved\u00faci predstavitelia oboch cypersk\u00fdch komun\u00edt op\u00e4tovne potvrdili svoju ochotu pokro\u010di\u0165 v h\u013eadan\u00ed rie\u0161enia cypersk\u00e9ho probl\u00e9mu. Na ned\u00e1vnom stretnut\u00ed Tufan Erhurman, vodca neuznanej Severocyperskej tureckej republiky, a Nikos Christodoulides, prezident Cyperskej republiky, potvrdili svoj z\u00e1mer akt\u00edvne sa z\u00fa\u010dastni\u0165 na procese urovnania [...].<\/p>","protected":false},"author":2,"featured_media":26655,"comment_status":"closed","ping_status":"closed","sticky":false,"template":"","format":"standard","meta":{"footnotes":""},"categories":[156],"tags":[],"class_list":["post-26654","post","type-post","status-publish","format-standard","has-post-thumbnail","hentry","category-news"],"acf":[],"yoast_head":"<!-- This site is optimized with the Yoast SEO plugin v20.2.1 - https:\/\/yoast.com\/wordpress\/plugins\/seo\/ -->\n<title>The leaders of the two Cypriot communities reaffirmed their willingness to move forward in finding a solution to the Cyprus problem | Serene Property<\/title>\n<meta name=\"robots\" content=\"index, follow, max-snippet:-1, max-image-preview:large, max-video-preview:-1\" \/>\n<link rel=\"canonical\" href=\"https:\/\/serene-property.com\/sk\/news\/the-leaders-of-the-two-cypriot-communities-reaffirmed-their-willingness-to-move-forward-in-finding-a-solution-to-the-cyprus-problem\/\" \/>\n<meta property=\"og:locale\" content=\"sk_SK\" \/>\n<meta property=\"og:type\" content=\"article\" \/>\n<meta property=\"og:title\" content=\"The leaders of the two Cypriot communities reaffirmed their willingness to move forward in finding a solution to the Cyprus problem | Serene Property\" \/>\n<meta property=\"og:description\" content=\"The leaders of the two Cypriot communities reaffirmed their willingness to move forward in finding a solution to the Cyprus problem. At a recent meeting, Tufan Erhurman, leader of the unrecognized Turkish Republic of Northern Cyprus, and Nikos Christodoulides, President of the Republic of Cyprus, confirmed their intention to actively participate in the settlement process [&hellip;]\" \/>\n<meta property=\"og:url\" content=\"https:\/\/serene-property.com\/sk\/news\/the-leaders-of-the-two-cypriot-communities-reaffirmed-their-willingness-to-move-forward-in-finding-a-solution-to-the-cyprus-problem\/\" \/>\n<meta property=\"og:site_name\" content=\"Serene Property\" \/>\n<meta property=\"article:published_time\" content=\"2025-12-20T10:10:00+00:00\" \/>\n<meta property=\"og:image\" content=\"https:\/\/serene-property.com\/wp-content\/uploads\/2025\/12\/aefc235d-99c0-4756-a693-64048c20e65d.jpeg\" \/>\n\t<meta property=\"og:image:width\" content=\"1320\" \/>\n\t<meta property=\"og:image:height\" content=\"720\" \/>\n\t<meta property=\"og:image:type\" content=\"image\/jpeg\" \/>\n<meta name=\"author\" content=\"redaktor\" \/>\n<meta name=\"twitter:card\" content=\"summary_large_image\" \/>\n<meta name=\"twitter:label1\" content=\"Autor\" \/>\n\t<meta name=\"twitter:data1\" content=\"redaktor\" \/>\n<script type=\"application\/ld+json\" class=\"yoast-schema-graph\">{\"@context\":\"https:\/\/schema.org\",\"@graph\":[{\"@type\":\"WebPage\",\"@id\":\"https:\/\/serene-property.com\/news\/the-leaders-of-the-two-cypriot-communities-reaffirmed-their-willingness-to-move-forward-in-finding-a-solution-to-the-cyprus-problem\/\",\"url\":\"https:\/\/serene-property.com\/news\/the-leaders-of-the-two-cypriot-communities-reaffirmed-their-willingness-to-move-forward-in-finding-a-solution-to-the-cyprus-problem\/\",\"name\":\"The leaders of the two Cypriot communities reaffirmed their willingness to move forward in finding a solution to the Cyprus problem | Serene Property\",\"isPartOf\":{\"@id\":\"https:\/\/serene-property.com\/#website\"},\"datePublished\":\"2025-12-20T10:10:00+00:00\",\"dateModified\":\"2025-12-20T10:10:00+00:00\",\"author\":{\"@id\":\"https:\/\/serene-property.com\/#\/schema\/person\/6ca909f6885d79641ffaf833b9560a1f\"},\"breadcrumb\":{\"@id\":\"https:\/\/serene-property.com\/news\/the-leaders-of-the-two-cypriot-communities-reaffirmed-their-willingness-to-move-forward-in-finding-a-solution-to-the-cyprus-problem\/#breadcrumb\"},\"inLanguage\":\"sk-SK\",\"potentialAction\":[{\"@type\":\"ReadAction\",\"target\":[\"https:\/\/serene-property.com\/news\/the-leaders-of-the-two-cypriot-communities-reaffirmed-their-willingness-to-move-forward-in-finding-a-solution-to-the-cyprus-problem\/\"]}]},{\"@type\":\"BreadcrumbList\",\"@id\":\"https:\/\/serene-property.com\/news\/the-leaders-of-the-two-cypriot-communities-reaffirmed-their-willingness-to-move-forward-in-finding-a-solution-to-the-cyprus-problem\/#breadcrumb\",\"itemListElement\":[{\"@type\":\"ListItem\",\"position\":1,\"name\":\"Home\",\"item\":\"https:\/\/serene-property.com\/\"},{\"@type\":\"ListItem\",\"position\":2,\"name\":\"The leaders of the two Cypriot communities reaffirmed their willingness to move forward in finding a solution to the Cyprus problem\"}]},{\"@type\":\"WebSite\",\"@id\":\"https:\/\/serene-property.com\/#website\",\"url\":\"https:\/\/serene-property.com\/\",\"name\":\"Serene Property\",\"description\":\"\",\"potentialAction\":[{\"@type\":\"SearchAction\",\"target\":{\"@type\":\"EntryPoint\",\"urlTemplate\":\"https:\/\/serene-property.com\/?s={search_term_string}\"},\"query-input\":\"required name=search_term_string\"}],\"inLanguage\":\"sk-SK\"},{\"@type\":\"Person\",\"@id\":\"https:\/\/serene-property.com\/#\/schema\/person\/6ca909f6885d79641ffaf833b9560a1f\",\"name\":\"redaktor\",\"image\":{\"@type\":\"ImageObject\",\"inLanguage\":\"sk-SK\",\"@id\":\"https:\/\/serene-property.com\/#\/schema\/person\/image\/\",\"url\":\"https:\/\/secure.gravatar.com\/avatar\/4bdf96da809dad1254b5b7d62d7b2a67fe41b8dad006b05fc8b7946b5a3fead4?s=96&d=mm&r=g\",\"contentUrl\":\"https:\/\/secure.gravatar.com\/avatar\/4bdf96da809dad1254b5b7d62d7b2a67fe41b8dad006b05fc8b7946b5a3fead4?s=96&d=mm&r=g\",\"caption\":\"redaktor\"},\"url\":\"https:\/\/serene-property.com\/sk\/author\/redaktor\/\"}]}<\/script>\n<!-- \/ Yoast SEO plugin. -->","yoast_head_json":{"title":"The leaders of the two Cypriot communities reaffirmed their willingness to move forward in finding a solution to the Cyprus problem | Serene Property","robots":{"index":"index","follow":"follow","max-snippet":"max-snippet:-1","max-image-preview":"max-image-preview:large","max-video-preview":"max-video-preview:-1"},"canonical":"https:\/\/serene-property.com\/sk\/news\/the-leaders-of-the-two-cypriot-communities-reaffirmed-their-willingness-to-move-forward-in-finding-a-solution-to-the-cyprus-problem\/","og_locale":"sk_SK","og_type":"article","og_title":"The leaders of the two Cypriot communities reaffirmed their willingness to move forward in finding a solution to the Cyprus problem | Serene Property","og_description":"The leaders of the two Cypriot communities reaffirmed their willingness to move forward in finding a solution to the Cyprus problem. At a recent meeting, Tufan Erhurman, leader of the unrecognized Turkish Republic of Northern Cyprus, and Nikos Christodoulides, President of the Republic of Cyprus, confirmed their intention to actively participate in the settlement process [&hellip;]","og_url":"https:\/\/serene-property.com\/sk\/news\/the-leaders-of-the-two-cypriot-communities-reaffirmed-their-willingness-to-move-forward-in-finding-a-solution-to-the-cyprus-problem\/","og_site_name":"Serene Property","article_published_time":"2025-12-20T10:10:00+00:00","og_image":[{"width":1320,"height":720,"url":"https:\/\/serene-property.com\/wp-content\/uploads\/2025\/12\/aefc235d-99c0-4756-a693-64048c20e65d.jpeg","type":"image\/jpeg"}],"author":"redaktor","twitter_card":"summary_large_image","twitter_misc":{"Autor":"redaktor"},"schema":{"@context":"https:\/\/schema.org","@graph":[{"@type":"WebPage","@id":"https:\/\/serene-property.com\/news\/the-leaders-of-the-two-cypriot-communities-reaffirmed-their-willingness-to-move-forward-in-finding-a-solution-to-the-cyprus-problem\/","url":"https:\/\/serene-property.com\/news\/the-leaders-of-the-two-cypriot-communities-reaffirmed-their-willingness-to-move-forward-in-finding-a-solution-to-the-cyprus-problem\/","name":"The leaders of the two Cypriot communities reaffirmed their willingness to move forward in finding a solution to the Cyprus problem | Serene Property","isPartOf":{"@id":"https:\/\/serene-property.com\/#website"},"datePublished":"2025-12-20T10:10:00+00:00","dateModified":"2025-12-20T10:10:00+00:00","author":{"@id":"https:\/\/serene-property.com\/#\/schema\/person\/6ca909f6885d79641ffaf833b9560a1f"},"breadcrumb":{"@id":"https:\/\/serene-property.com\/news\/the-leaders-of-the-two-cypriot-communities-reaffirmed-their-willingness-to-move-forward-in-finding-a-solution-to-the-cyprus-problem\/#breadcrumb"},"inLanguage":"sk-SK","potentialAction":[{"@type":"ReadAction","target":["https:\/\/serene-property.com\/news\/the-leaders-of-the-two-cypriot-communities-reaffirmed-their-willingness-to-move-forward-in-finding-a-solution-to-the-cyprus-problem\/"]}]},{"@type":"BreadcrumbList","@id":"https:\/\/serene-property.com\/news\/the-leaders-of-the-two-cypriot-communities-reaffirmed-their-willingness-to-move-forward-in-finding-a-solution-to-the-cyprus-problem\/#breadcrumb","itemListElement":[{"@type":"ListItem","position":1,"name":"Home","item":"https:\/\/serene-property.com\/"},{"@type":"ListItem","position":2,"name":"The leaders of the two Cypriot communities reaffirmed their willingness to move forward in finding a solution to the Cyprus problem"}]},{"@type":"WebSite","@id":"https:\/\/serene-property.com\/#website","url":"https:\/\/serene-property.com\/","name":"Serene Property","description":"","potentialAction":[{"@type":"SearchAction","target":{"@type":"EntryPoint","urlTemplate":"https:\/\/serene-property.com\/?s={search_term_string}"},"query-input":"required name=search_term_string"}],"inLanguage":"sk-SK"},{"@type":"Person","@id":"https:\/\/serene-property.com\/#\/schema\/person\/6ca909f6885d79641ffaf833b9560a1f","name":"redaktor","image":{"@type":"ImageObject","inLanguage":"sk-SK","@id":"https:\/\/serene-property.com\/#\/schema\/person\/image\/","url":"https:\/\/secure.gravatar.com\/avatar\/4bdf96da809dad1254b5b7d62d7b2a67fe41b8dad006b05fc8b7946b5a3fead4?s=96&d=mm&r=g","contentUrl":"https:\/\/secure.gravatar.com\/avatar\/4bdf96da809dad1254b5b7d62d7b2a67fe41b8dad006b05fc8b7946b5a3fead4?s=96&d=mm&r=g","caption":"redaktor"},"url":"https:\/\/serene-property.com\/sk\/author\/redaktor\/"}]}},"_links":{"self":[{"href":"https:\/\/serene-property.com\/sk\/wp-json\/wp\/v2\/posts\/26654","targetHints":{"allow":["GET"]}}],"collection":[{"href":"https:\/\/serene-property.com\/sk\/wp-json\/wp\/v2\/posts"}],"about":[{"href":"https:\/\/serene-property.com\/sk\/wp-json\/wp\/v2\/types\/post"}],"author":[{"embeddable":true,"href":"https:\/\/serene-property.com\/sk\/wp-json\/wp\/v2\/users\/2"}],"replies":[{"embeddable":true,"href":"https:\/\/serene-property.com\/sk\/wp-json\/wp\/v2\/comments?post=26654"}],"version-history":[{"count":1,"href":"https:\/\/serene-property.com\/sk\/wp-json\/wp\/v2\/posts\/26654\/revisions"}],"predecessor-version":[{"id":26656,"href":"https:\/\/serene-property.com\/sk\/wp-json\/wp\/v2\/posts\/26654\/revisions\/26656"}],"wp:featuredmedia":[{"embeddable":true,"href":"https:\/\/serene-property.com\/sk\/wp-json\/wp\/v2\/media\/26655"}],"wp:attachment":[{"href":"https:\/\/serene-property.com\/sk\/wp-json\/wp\/v2\/media?parent=26654"}],"wp:term":[{"taxonomy":"category","embeddable":true,"href":"https:\/\/serene-property.com\/sk\/wp-json\/wp\/v2\/categories?post=26654"},{"taxonomy":"post_tag","embeddable":true,"href":"https:\/\/serene-property.com\/sk\/wp-json\/wp\/v2\/tags?post=26654"}],"curies":[{"name":"wp","href":"https:\/\/api.w.org\/{rel}","templated":true}]}}