{"id":26660,"date":"2025-12-20T13:10:15","date_gmt":"2025-12-20T10:10:15","guid":{"rendered":"https:\/\/serene-property.com\/?p=26660"},"modified":"2025-12-20T13:10:15","modified_gmt":"2025-12-20T10:10:15","slug":"in-northern-cyprus-light-plastic-bags-will-be-completely-eliminated-from-2026","status":"publish","type":"post","link":"https:\/\/serene-property.com\/pl\/news\/in-northern-cyprus-light-plastic-bags-will-be-completely-eliminated-from-2026\/","title":{"rendered":"Na Cyprze P\u00f3\u0142nocnym lekkie torby plastikowe zostan\u0105 ca\u0142kowicie wyeliminowane od 2026 r."},"content":{"rendered":"<p>W\u0142adze Cypru P\u00f3\u0142nocnego og\u0142osi\u0142y ca\u0142kowity zakaz u\u017cywania lekkich toreb plastikowych, kt\u00f3ry wejdzie w \u017cycie z dniem 1 stycznia 2019 r. <strong>1 stycznia 2026 r.<\/strong> Zar\u00f3wno p\u0142atne, jak i bezp\u0142atne torby na zakupy o grubo\u015bci <strong>15 do 50 mikron\u00f3w<\/strong>powszechnie stosowane w sklepach i supermarketach, b\u0119d\u0105 podlega\u0107 ograniczeniom. <\/p>\n\n\n\n<p>Decyzja zosta\u0142a podj\u0119ta w ramach pa\u0144stwowej polityki \u015brodowiskowej maj\u0105cej na celu zmniejszenie zanieczyszczenia \u015brodowiska i walk\u0119 z mikrodrobinami plastiku. Wed\u0142ug urz\u0119dnik\u00f3w problem odpad\u00f3w z tworzyw sztucznych osi\u0105gn\u0105\u0142 poziom krytyczny i wymaga \u015bcis\u0142ych i systematycznych dzia\u0142a\u0144. <\/p>\n\n\n\n<p><strong>Fikri Ataoglu<\/strong>wicepremier i minister turystyki, kultury, m\u0142odzie\u017cy i ochrony \u015brodowiska, powiedzia\u0142, \u017ce odpowiednie zmiany legislacyjne zosta\u0142y ju\u017c przygotowane. W\u0142adze opracowa\u0142y r\u00f3wnie\u017c stopniowy plan przej\u015bcia na zr\u00f3wnowa\u017cone \u015brodowiskowo alternatywy, w tym korzystanie z toreb wielokrotnego u\u017cytku i innych rozwi\u0105za\u0144 przyjaznych naturze. <\/p>\n\n\n\n<p>Obecnie prowadzone s\u0105 kampanie informacyjne maj\u0105ce na celu podniesienie \u015bwiadomo\u015bci spo\u0142ecznej <strong>w sze\u015bciu okr\u0119gach Cypru P\u00f3\u0142nocnego<\/strong>. W ramach tych inicjatyw mieszka\u0144cy s\u0105 informowani o przyczynach zakazu i oferowane s\u0105 alternatywy, a tak\u017ce bezp\u0142atnie rozdawane s\u0105 torby wielokrotnego u\u017cytku. <\/p>\n\n\n\n<p>Oczekuje si\u0119, \u017ce wprowadzenie zakazu znacznie zmniejszy ilo\u015b\u0107 odpad\u00f3w z tworzyw sztucznych, zmniejszy szkody w ekosystemach i zapobiegnie dalszemu gromadzeniu si\u0119 mikrodrobin plastiku w \u015brodowisku. W\u0142adze podkre\u015blaj\u0105, \u017ce \u015brodki te maj\u0105 na celu d\u0142ugoterminow\u0105 ochron\u0119 przyrody i popraw\u0119 jako\u015bci \u017cycia przysz\u0142ych pokole\u0144.<\/p>","protected":false},"excerpt":{"rendered":"<p>W\u0142adze Cypru P\u00f3\u0142nocnego og\u0142osi\u0142y ca\u0142kowity zakaz u\u017cywania lekkich toreb plastikowych, kt\u00f3ry wejdzie w \u017cycie 1 stycznia 2026 roku. Ograniczeniom podlega\u0107 b\u0119d\u0105 zar\u00f3wno p\u0142atne, jak i bezp\u0142atne torby na zakupy o grubo\u015bci od 15 do 50 mikron\u00f3w, powszechnie u\u017cywane w sklepach i supermarketach. Decyzja zosta\u0142a podj\u0119ta [...]<\/p>","protected":false},"author":2,"featured_media":26661,"comment_status":"closed","ping_status":"closed","sticky":false,"template":"","format":"standard","meta":{"footnotes":""},"categories":[156],"tags":[],"class_list":["post-26660","post","type-post","status-publish","format-standard","has-post-thumbnail","hentry","category-news"],"acf":[],"yoast_head":"<!-- This site is optimized with the Yoast SEO plugin v20.2.1 - https:\/\/yoast.com\/wordpress\/plugins\/seo\/ -->\n<title>In Northern Cyprus, light plastic bags will be completely eliminated from 2026 | Serene Property<\/title>\n<meta name=\"robots\" content=\"index, follow, max-snippet:-1, max-image-preview:large, max-video-preview:-1\" \/>\n<link rel=\"canonical\" href=\"https:\/\/serene-property.com\/pl\/news\/in-northern-cyprus-light-plastic-bags-will-be-completely-eliminated-from-2026\/\" \/>\n<meta property=\"og:locale\" content=\"pl_PL\" \/>\n<meta property=\"og:type\" content=\"article\" \/>\n<meta property=\"og:title\" content=\"In Northern Cyprus, light plastic bags will be completely eliminated from 2026 | Serene Property\" \/>\n<meta property=\"og:description\" content=\"The authorities of Northern Cyprus have announced a complete ban on the use of lightweight plastic bags, which will come into force on January 1, 2026. Both paid and free shopping bags with a thickness of 15 to 50 microns, widely used in stores and supermarkets, will be subject to restrictions. The decision was made [&hellip;]\" \/>\n<meta property=\"og:url\" content=\"https:\/\/serene-property.com\/pl\/news\/in-northern-cyprus-light-plastic-bags-will-be-completely-eliminated-from-2026\/\" \/>\n<meta property=\"og:site_name\" content=\"Serene Property\" \/>\n<meta property=\"article:published_time\" content=\"2025-12-20T10:10:15+00:00\" \/>\n<meta property=\"og:image\" content=\"https:\/\/serene-property.com\/wp-content\/uploads\/2025\/12\/d51e65c8-1a46-4a35-b9ec-e0f1756ab0f3.jpeg\" \/>\n\t<meta property=\"og:image:width\" content=\"1177\" \/>\n\t<meta property=\"og:image:height\" content=\"800\" \/>\n\t<meta property=\"og:image:type\" content=\"image\/jpeg\" \/>\n<meta name=\"author\" content=\"redaktor\" \/>\n<meta name=\"twitter:card\" content=\"summary_large_image\" \/>\n<meta name=\"twitter:label1\" content=\"Napisane przez\" \/>\n\t<meta name=\"twitter:data1\" content=\"redaktor\" \/>\n<script type=\"application\/ld+json\" class=\"yoast-schema-graph\">{\"@context\":\"https:\/\/schema.org\",\"@graph\":[{\"@type\":\"WebPage\",\"@id\":\"https:\/\/serene-property.com\/news\/in-northern-cyprus-light-plastic-bags-will-be-completely-eliminated-from-2026\/\",\"url\":\"https:\/\/serene-property.com\/news\/in-northern-cyprus-light-plastic-bags-will-be-completely-eliminated-from-2026\/\",\"name\":\"In Northern Cyprus, light plastic bags will be completely eliminated from 2026 | Serene Property\",\"isPartOf\":{\"@id\":\"https:\/\/serene-property.com\/#website\"},\"datePublished\":\"2025-12-20T10:10:15+00:00\",\"dateModified\":\"2025-12-20T10:10:15+00:00\",\"author\":{\"@id\":\"https:\/\/serene-property.com\/#\/schema\/person\/6ca909f6885d79641ffaf833b9560a1f\"},\"breadcrumb\":{\"@id\":\"https:\/\/serene-property.com\/news\/in-northern-cyprus-light-plastic-bags-will-be-completely-eliminated-from-2026\/#breadcrumb\"},\"inLanguage\":\"pl-PL\",\"potentialAction\":[{\"@type\":\"ReadAction\",\"target\":[\"https:\/\/serene-property.com\/news\/in-northern-cyprus-light-plastic-bags-will-be-completely-eliminated-from-2026\/\"]}]},{\"@type\":\"BreadcrumbList\",\"@id\":\"https:\/\/serene-property.com\/news\/in-northern-cyprus-light-plastic-bags-will-be-completely-eliminated-from-2026\/#breadcrumb\",\"itemListElement\":[{\"@type\":\"ListItem\",\"position\":1,\"name\":\"Home\",\"item\":\"https:\/\/serene-property.com\/\"},{\"@type\":\"ListItem\",\"position\":2,\"name\":\"In Northern Cyprus, light plastic bags will be completely eliminated from 2026\"}]},{\"@type\":\"WebSite\",\"@id\":\"https:\/\/serene-property.com\/#website\",\"url\":\"https:\/\/serene-property.com\/\",\"name\":\"Serene Property\",\"description\":\"\",\"potentialAction\":[{\"@type\":\"SearchAction\",\"target\":{\"@type\":\"EntryPoint\",\"urlTemplate\":\"https:\/\/serene-property.com\/?s={search_term_string}\"},\"query-input\":\"required name=search_term_string\"}],\"inLanguage\":\"pl-PL\"},{\"@type\":\"Person\",\"@id\":\"https:\/\/serene-property.com\/#\/schema\/person\/6ca909f6885d79641ffaf833b9560a1f\",\"name\":\"redaktor\",\"image\":{\"@type\":\"ImageObject\",\"inLanguage\":\"pl-PL\",\"@id\":\"https:\/\/serene-property.com\/#\/schema\/person\/image\/\",\"url\":\"https:\/\/secure.gravatar.com\/avatar\/4bdf96da809dad1254b5b7d62d7b2a67fe41b8dad006b05fc8b7946b5a3fead4?s=96&d=mm&r=g\",\"contentUrl\":\"https:\/\/secure.gravatar.com\/avatar\/4bdf96da809dad1254b5b7d62d7b2a67fe41b8dad006b05fc8b7946b5a3fead4?s=96&d=mm&r=g\",\"caption\":\"redaktor\"},\"url\":\"https:\/\/serene-property.com\/pl\/author\/redaktor\/\"}]}<\/script>\n<!-- \/ Yoast SEO plugin. -->","yoast_head_json":{"title":"In Northern Cyprus, light plastic bags will be completely eliminated from 2026 | Serene Property","robots":{"index":"index","follow":"follow","max-snippet":"max-snippet:-1","max-image-preview":"max-image-preview:large","max-video-preview":"max-video-preview:-1"},"canonical":"https:\/\/serene-property.com\/pl\/news\/in-northern-cyprus-light-plastic-bags-will-be-completely-eliminated-from-2026\/","og_locale":"pl_PL","og_type":"article","og_title":"In Northern Cyprus, light plastic bags will be completely eliminated from 2026 | Serene Property","og_description":"The authorities of Northern Cyprus have announced a complete ban on the use of lightweight plastic bags, which will come into force on January 1, 2026. Both paid and free shopping bags with a thickness of 15 to 50 microns, widely used in stores and supermarkets, will be subject to restrictions. The decision was made [&hellip;]","og_url":"https:\/\/serene-property.com\/pl\/news\/in-northern-cyprus-light-plastic-bags-will-be-completely-eliminated-from-2026\/","og_site_name":"Serene Property","article_published_time":"2025-12-20T10:10:15+00:00","og_image":[{"width":1177,"height":800,"url":"https:\/\/serene-property.com\/wp-content\/uploads\/2025\/12\/d51e65c8-1a46-4a35-b9ec-e0f1756ab0f3.jpeg","type":"image\/jpeg"}],"author":"redaktor","twitter_card":"summary_large_image","twitter_misc":{"Napisane przez":"redaktor"},"schema":{"@context":"https:\/\/schema.org","@graph":[{"@type":"WebPage","@id":"https:\/\/serene-property.com\/news\/in-northern-cyprus-light-plastic-bags-will-be-completely-eliminated-from-2026\/","url":"https:\/\/serene-property.com\/news\/in-northern-cyprus-light-plastic-bags-will-be-completely-eliminated-from-2026\/","name":"In Northern Cyprus, light plastic bags will be completely eliminated from 2026 | Serene Property","isPartOf":{"@id":"https:\/\/serene-property.com\/#website"},"datePublished":"2025-12-20T10:10:15+00:00","dateModified":"2025-12-20T10:10:15+00:00","author":{"@id":"https:\/\/serene-property.com\/#\/schema\/person\/6ca909f6885d79641ffaf833b9560a1f"},"breadcrumb":{"@id":"https:\/\/serene-property.com\/news\/in-northern-cyprus-light-plastic-bags-will-be-completely-eliminated-from-2026\/#breadcrumb"},"inLanguage":"pl-PL","potentialAction":[{"@type":"ReadAction","target":["https:\/\/serene-property.com\/news\/in-northern-cyprus-light-plastic-bags-will-be-completely-eliminated-from-2026\/"]}]},{"@type":"BreadcrumbList","@id":"https:\/\/serene-property.com\/news\/in-northern-cyprus-light-plastic-bags-will-be-completely-eliminated-from-2026\/#breadcrumb","itemListElement":[{"@type":"ListItem","position":1,"name":"Home","item":"https:\/\/serene-property.com\/"},{"@type":"ListItem","position":2,"name":"In Northern Cyprus, light plastic bags will be completely eliminated from 2026"}]},{"@type":"WebSite","@id":"https:\/\/serene-property.com\/#website","url":"https:\/\/serene-property.com\/","name":"Serene Property","description":"","potentialAction":[{"@type":"SearchAction","target":{"@type":"EntryPoint","urlTemplate":"https:\/\/serene-property.com\/?s={search_term_string}"},"query-input":"required name=search_term_string"}],"inLanguage":"pl-PL"},{"@type":"Person","@id":"https:\/\/serene-property.com\/#\/schema\/person\/6ca909f6885d79641ffaf833b9560a1f","name":"redaktor","image":{"@type":"ImageObject","inLanguage":"pl-PL","@id":"https:\/\/serene-property.com\/#\/schema\/person\/image\/","url":"https:\/\/secure.gravatar.com\/avatar\/4bdf96da809dad1254b5b7d62d7b2a67fe41b8dad006b05fc8b7946b5a3fead4?s=96&d=mm&r=g","contentUrl":"https:\/\/secure.gravatar.com\/avatar\/4bdf96da809dad1254b5b7d62d7b2a67fe41b8dad006b05fc8b7946b5a3fead4?s=96&d=mm&r=g","caption":"redaktor"},"url":"https:\/\/serene-property.com\/pl\/author\/redaktor\/"}]}},"_links":{"self":[{"href":"https:\/\/serene-property.com\/pl\/wp-json\/wp\/v2\/posts\/26660","targetHints":{"allow":["GET"]}}],"collection":[{"href":"https:\/\/serene-property.com\/pl\/wp-json\/wp\/v2\/posts"}],"about":[{"href":"https:\/\/serene-property.com\/pl\/wp-json\/wp\/v2\/types\/post"}],"author":[{"embeddable":true,"href":"https:\/\/serene-property.com\/pl\/wp-json\/wp\/v2\/users\/2"}],"replies":[{"embeddable":true,"href":"https:\/\/serene-property.com\/pl\/wp-json\/wp\/v2\/comments?post=26660"}],"version-history":[{"count":1,"href":"https:\/\/serene-property.com\/pl\/wp-json\/wp\/v2\/posts\/26660\/revisions"}],"predecessor-version":[{"id":26662,"href":"https:\/\/serene-property.com\/pl\/wp-json\/wp\/v2\/posts\/26660\/revisions\/26662"}],"wp:featuredmedia":[{"embeddable":true,"href":"https:\/\/serene-property.com\/pl\/wp-json\/wp\/v2\/media\/26661"}],"wp:attachment":[{"href":"https:\/\/serene-property.com\/pl\/wp-json\/wp\/v2\/media?parent=26660"}],"wp:term":[{"taxonomy":"category","embeddable":true,"href":"https:\/\/serene-property.com\/pl\/wp-json\/wp\/v2\/categories?post=26660"},{"taxonomy":"post_tag","embeddable":true,"href":"https:\/\/serene-property.com\/pl\/wp-json\/wp\/v2\/tags?post=26660"}],"curies":[{"name":"wp","href":"https:\/\/api.w.org\/{rel}","templated":true}]}}