{"id":26654,"date":"2025-12-20T13:10:00","date_gmt":"2025-12-20T10:10:00","guid":{"rendered":"https:\/\/serene-property.com\/?p=26654"},"modified":"2025-12-20T13:10:00","modified_gmt":"2025-12-20T10:10:00","slug":"the-leaders-of-the-two-cypriot-communities-reaffirmed-their-willingness-to-move-forward-in-finding-a-solution-to-the-cyprus-problem","status":"publish","type":"post","link":"https:\/\/serene-property.com\/pl\/news\/the-leaders-of-the-two-cypriot-communities-reaffirmed-their-willingness-to-move-forward-in-finding-a-solution-to-the-cyprus-problem\/","title":{"rendered":"Przyw\u00f3dcy obu cypryjskich spo\u0142eczno\u015bci potwierdzili swoj\u0105 wol\u0119 d\u0105\u017cenia do rozwi\u0105zania problemu cypryjskiego"},"content":{"rendered":"<p>Przyw\u00f3dcy obu cypryjskich spo\u0142eczno\u015bci potwierdzili swoj\u0105 wol\u0119 d\u0105\u017cenia do rozwi\u0105zania problemu cypryjskiego. Podczas niedawnego spotkania Tufan Erhurman, przyw\u00f3dca nieuznawanej Tureckiej Republiki Cypru P\u00f3\u0142nocnego, i Nikos Christodoulides, prezydent Republiki Cypryjskiej, potwierdzili zamiar aktywnego uczestnictwa w procesie porozumienia i wniesienia praktycznego wk\u0142adu w ten dialog. <\/p>\n\n\n\n<p>Obie strony zgodzi\u0142y si\u0119 utrzymywa\u0107 sta\u0142y kontakt z osobistym przedstawicielem Sekretarza Generalnego ONZ na Cyprze, Mari\u0105 Angel\u0105 Holgin, i zamierzaj\u0105 uczestniczy\u0107 w kolejnej rundzie nieformalnych dyskusji. Spotkania te maj\u0105 na celu wymian\u0119 pomys\u0142\u00f3w i okre\u015blenie mo\u017cliwych krok\u00f3w w celu dalszego post\u0119pu negocjacji. <\/p>\n\n\n\n<p>Tufan Erhurman przedstawi\u0142 grecko-cypryjskiemu przyw\u00f3dcy pakiet swoich propozycji, w tym praktyczne \u015brodki, kt\u00f3re mog\u0105 wzmocni\u0107 zaufanie mi\u0119dzy spo\u0142eczno\u015bciami bez konieczno\u015bci wi\u0119kszych ust\u0119pstw politycznych. W\u015br\u00f3d propozycji znalaz\u0142y si\u0119 inicjatywy w dziedzinie transportu, handlu, energii, a tak\u017ce organizacja wsp\u00f3lnych komitet\u00f3w technicznych. <\/p>\n\n\n\n<p>Nikos Christodoulides zauwa\u017cy\u0142, \u017ce cho\u0107 spotkanie to nie by\u0142o oficjalnym etapem negocjacji, odby\u0142o si\u0119 w spos\u00f3b konstruktywny i szczery. Wed\u0142ug niego jego wyniki stwarzaj\u0105 przes\u0142anki do wznowienia formalnych negocjacji w ramach ONZ, pocz\u0105wszy od etapu, na kt\u00f3rym zosta\u0142y one wcze\u015bniej przerwane. <\/p>\n\n\n\n<p>Mi\u0119dzynarodowi obserwatorzy r\u00f3wnie\u017c oceniaj\u0105 takie kontakty jako pozytywny sygna\u0142: regularne dyskusje na temat praktycznych kwestii i gotowo\u015b\u0107 przyw\u00f3dc\u00f3w do wsp\u00f3\u0142pracy mog\u0105 stopniowo o\u017cywi\u0107 proces rozwi\u0105zywania przed\u0142u\u017caj\u0105cego si\u0119 konfliktu.<\/p>","protected":false},"excerpt":{"rendered":"<p>Przyw\u00f3dcy obu cypryjskich spo\u0142eczno\u015bci potwierdzili swoj\u0105 wol\u0119 d\u0105\u017cenia do rozwi\u0105zania problemu cypryjskiego. Podczas niedawnego spotkania Tufan Erhurman, przyw\u00f3dca nieuznawanej Tureckiej Republiki Cypru P\u00f3\u0142nocnego, i Nikos Christodoulides, prezydent Republiki Cypryjskiej, potwierdzili zamiar aktywnego uczestnictwa w procesie rozstrzygania [...]<\/p>","protected":false},"author":2,"featured_media":26655,"comment_status":"closed","ping_status":"closed","sticky":false,"template":"","format":"standard","meta":{"footnotes":""},"categories":[156],"tags":[],"class_list":["post-26654","post","type-post","status-publish","format-standard","has-post-thumbnail","hentry","category-news"],"acf":[],"yoast_head":"<!-- This site is optimized with the Yoast SEO plugin v20.2.1 - https:\/\/yoast.com\/wordpress\/plugins\/seo\/ -->\n<title>The leaders of the two Cypriot communities reaffirmed their willingness to move forward in finding a solution to the Cyprus problem | Serene Property<\/title>\n<meta name=\"robots\" content=\"index, follow, max-snippet:-1, max-image-preview:large, max-video-preview:-1\" \/>\n<link rel=\"canonical\" href=\"https:\/\/serene-property.com\/pl\/news\/the-leaders-of-the-two-cypriot-communities-reaffirmed-their-willingness-to-move-forward-in-finding-a-solution-to-the-cyprus-problem\/\" \/>\n<meta property=\"og:locale\" content=\"pl_PL\" \/>\n<meta property=\"og:type\" content=\"article\" \/>\n<meta property=\"og:title\" content=\"The leaders of the two Cypriot communities reaffirmed their willingness to move forward in finding a solution to the Cyprus problem | Serene Property\" \/>\n<meta property=\"og:description\" content=\"The leaders of the two Cypriot communities reaffirmed their willingness to move forward in finding a solution to the Cyprus problem. At a recent meeting, Tufan Erhurman, leader of the unrecognized Turkish Republic of Northern Cyprus, and Nikos Christodoulides, President of the Republic of Cyprus, confirmed their intention to actively participate in the settlement process [&hellip;]\" \/>\n<meta property=\"og:url\" content=\"https:\/\/serene-property.com\/pl\/news\/the-leaders-of-the-two-cypriot-communities-reaffirmed-their-willingness-to-move-forward-in-finding-a-solution-to-the-cyprus-problem\/\" \/>\n<meta property=\"og:site_name\" content=\"Serene Property\" \/>\n<meta property=\"article:published_time\" content=\"2025-12-20T10:10:00+00:00\" \/>\n<meta property=\"og:image\" content=\"https:\/\/serene-property.com\/wp-content\/uploads\/2025\/12\/aefc235d-99c0-4756-a693-64048c20e65d.jpeg\" \/>\n\t<meta property=\"og:image:width\" content=\"1320\" \/>\n\t<meta property=\"og:image:height\" content=\"720\" \/>\n\t<meta property=\"og:image:type\" content=\"image\/jpeg\" \/>\n<meta name=\"author\" content=\"redaktor\" \/>\n<meta name=\"twitter:card\" content=\"summary_large_image\" \/>\n<meta name=\"twitter:label1\" content=\"Napisane przez\" \/>\n\t<meta name=\"twitter:data1\" content=\"redaktor\" \/>\n<script type=\"application\/ld+json\" class=\"yoast-schema-graph\">{\"@context\":\"https:\/\/schema.org\",\"@graph\":[{\"@type\":\"WebPage\",\"@id\":\"https:\/\/serene-property.com\/news\/the-leaders-of-the-two-cypriot-communities-reaffirmed-their-willingness-to-move-forward-in-finding-a-solution-to-the-cyprus-problem\/\",\"url\":\"https:\/\/serene-property.com\/news\/the-leaders-of-the-two-cypriot-communities-reaffirmed-their-willingness-to-move-forward-in-finding-a-solution-to-the-cyprus-problem\/\",\"name\":\"The leaders of the two Cypriot communities reaffirmed their willingness to move forward in finding a solution to the Cyprus problem | Serene Property\",\"isPartOf\":{\"@id\":\"https:\/\/serene-property.com\/#website\"},\"datePublished\":\"2025-12-20T10:10:00+00:00\",\"dateModified\":\"2025-12-20T10:10:00+00:00\",\"author\":{\"@id\":\"https:\/\/serene-property.com\/#\/schema\/person\/6ca909f6885d79641ffaf833b9560a1f\"},\"breadcrumb\":{\"@id\":\"https:\/\/serene-property.com\/news\/the-leaders-of-the-two-cypriot-communities-reaffirmed-their-willingness-to-move-forward-in-finding-a-solution-to-the-cyprus-problem\/#breadcrumb\"},\"inLanguage\":\"pl-PL\",\"potentialAction\":[{\"@type\":\"ReadAction\",\"target\":[\"https:\/\/serene-property.com\/news\/the-leaders-of-the-two-cypriot-communities-reaffirmed-their-willingness-to-move-forward-in-finding-a-solution-to-the-cyprus-problem\/\"]}]},{\"@type\":\"BreadcrumbList\",\"@id\":\"https:\/\/serene-property.com\/news\/the-leaders-of-the-two-cypriot-communities-reaffirmed-their-willingness-to-move-forward-in-finding-a-solution-to-the-cyprus-problem\/#breadcrumb\",\"itemListElement\":[{\"@type\":\"ListItem\",\"position\":1,\"name\":\"Home\",\"item\":\"https:\/\/serene-property.com\/\"},{\"@type\":\"ListItem\",\"position\":2,\"name\":\"The leaders of the two Cypriot communities reaffirmed their willingness to move forward in finding a solution to the Cyprus problem\"}]},{\"@type\":\"WebSite\",\"@id\":\"https:\/\/serene-property.com\/#website\",\"url\":\"https:\/\/serene-property.com\/\",\"name\":\"Serene Property\",\"description\":\"\",\"potentialAction\":[{\"@type\":\"SearchAction\",\"target\":{\"@type\":\"EntryPoint\",\"urlTemplate\":\"https:\/\/serene-property.com\/?s={search_term_string}\"},\"query-input\":\"required name=search_term_string\"}],\"inLanguage\":\"pl-PL\"},{\"@type\":\"Person\",\"@id\":\"https:\/\/serene-property.com\/#\/schema\/person\/6ca909f6885d79641ffaf833b9560a1f\",\"name\":\"redaktor\",\"image\":{\"@type\":\"ImageObject\",\"inLanguage\":\"pl-PL\",\"@id\":\"https:\/\/serene-property.com\/#\/schema\/person\/image\/\",\"url\":\"https:\/\/secure.gravatar.com\/avatar\/4bdf96da809dad1254b5b7d62d7b2a67fe41b8dad006b05fc8b7946b5a3fead4?s=96&d=mm&r=g\",\"contentUrl\":\"https:\/\/secure.gravatar.com\/avatar\/4bdf96da809dad1254b5b7d62d7b2a67fe41b8dad006b05fc8b7946b5a3fead4?s=96&d=mm&r=g\",\"caption\":\"redaktor\"},\"url\":\"https:\/\/serene-property.com\/pl\/author\/redaktor\/\"}]}<\/script>\n<!-- \/ Yoast SEO plugin. -->","yoast_head_json":{"title":"The leaders of the two Cypriot communities reaffirmed their willingness to move forward in finding a solution to the Cyprus problem | Serene Property","robots":{"index":"index","follow":"follow","max-snippet":"max-snippet:-1","max-image-preview":"max-image-preview:large","max-video-preview":"max-video-preview:-1"},"canonical":"https:\/\/serene-property.com\/pl\/news\/the-leaders-of-the-two-cypriot-communities-reaffirmed-their-willingness-to-move-forward-in-finding-a-solution-to-the-cyprus-problem\/","og_locale":"pl_PL","og_type":"article","og_title":"The leaders of the two Cypriot communities reaffirmed their willingness to move forward in finding a solution to the Cyprus problem | Serene Property","og_description":"The leaders of the two Cypriot communities reaffirmed their willingness to move forward in finding a solution to the Cyprus problem. At a recent meeting, Tufan Erhurman, leader of the unrecognized Turkish Republic of Northern Cyprus, and Nikos Christodoulides, President of the Republic of Cyprus, confirmed their intention to actively participate in the settlement process [&hellip;]","og_url":"https:\/\/serene-property.com\/pl\/news\/the-leaders-of-the-two-cypriot-communities-reaffirmed-their-willingness-to-move-forward-in-finding-a-solution-to-the-cyprus-problem\/","og_site_name":"Serene Property","article_published_time":"2025-12-20T10:10:00+00:00","og_image":[{"width":1320,"height":720,"url":"https:\/\/serene-property.com\/wp-content\/uploads\/2025\/12\/aefc235d-99c0-4756-a693-64048c20e65d.jpeg","type":"image\/jpeg"}],"author":"redaktor","twitter_card":"summary_large_image","twitter_misc":{"Napisane przez":"redaktor"},"schema":{"@context":"https:\/\/schema.org","@graph":[{"@type":"WebPage","@id":"https:\/\/serene-property.com\/news\/the-leaders-of-the-two-cypriot-communities-reaffirmed-their-willingness-to-move-forward-in-finding-a-solution-to-the-cyprus-problem\/","url":"https:\/\/serene-property.com\/news\/the-leaders-of-the-two-cypriot-communities-reaffirmed-their-willingness-to-move-forward-in-finding-a-solution-to-the-cyprus-problem\/","name":"The leaders of the two Cypriot communities reaffirmed their willingness to move forward in finding a solution to the Cyprus problem | Serene Property","isPartOf":{"@id":"https:\/\/serene-property.com\/#website"},"datePublished":"2025-12-20T10:10:00+00:00","dateModified":"2025-12-20T10:10:00+00:00","author":{"@id":"https:\/\/serene-property.com\/#\/schema\/person\/6ca909f6885d79641ffaf833b9560a1f"},"breadcrumb":{"@id":"https:\/\/serene-property.com\/news\/the-leaders-of-the-two-cypriot-communities-reaffirmed-their-willingness-to-move-forward-in-finding-a-solution-to-the-cyprus-problem\/#breadcrumb"},"inLanguage":"pl-PL","potentialAction":[{"@type":"ReadAction","target":["https:\/\/serene-property.com\/news\/the-leaders-of-the-two-cypriot-communities-reaffirmed-their-willingness-to-move-forward-in-finding-a-solution-to-the-cyprus-problem\/"]}]},{"@type":"BreadcrumbList","@id":"https:\/\/serene-property.com\/news\/the-leaders-of-the-two-cypriot-communities-reaffirmed-their-willingness-to-move-forward-in-finding-a-solution-to-the-cyprus-problem\/#breadcrumb","itemListElement":[{"@type":"ListItem","position":1,"name":"Home","item":"https:\/\/serene-property.com\/"},{"@type":"ListItem","position":2,"name":"The leaders of the two Cypriot communities reaffirmed their willingness to move forward in finding a solution to the Cyprus problem"}]},{"@type":"WebSite","@id":"https:\/\/serene-property.com\/#website","url":"https:\/\/serene-property.com\/","name":"Serene Property","description":"","potentialAction":[{"@type":"SearchAction","target":{"@type":"EntryPoint","urlTemplate":"https:\/\/serene-property.com\/?s={search_term_string}"},"query-input":"required name=search_term_string"}],"inLanguage":"pl-PL"},{"@type":"Person","@id":"https:\/\/serene-property.com\/#\/schema\/person\/6ca909f6885d79641ffaf833b9560a1f","name":"redaktor","image":{"@type":"ImageObject","inLanguage":"pl-PL","@id":"https:\/\/serene-property.com\/#\/schema\/person\/image\/","url":"https:\/\/secure.gravatar.com\/avatar\/4bdf96da809dad1254b5b7d62d7b2a67fe41b8dad006b05fc8b7946b5a3fead4?s=96&d=mm&r=g","contentUrl":"https:\/\/secure.gravatar.com\/avatar\/4bdf96da809dad1254b5b7d62d7b2a67fe41b8dad006b05fc8b7946b5a3fead4?s=96&d=mm&r=g","caption":"redaktor"},"url":"https:\/\/serene-property.com\/pl\/author\/redaktor\/"}]}},"_links":{"self":[{"href":"https:\/\/serene-property.com\/pl\/wp-json\/wp\/v2\/posts\/26654","targetHints":{"allow":["GET"]}}],"collection":[{"href":"https:\/\/serene-property.com\/pl\/wp-json\/wp\/v2\/posts"}],"about":[{"href":"https:\/\/serene-property.com\/pl\/wp-json\/wp\/v2\/types\/post"}],"author":[{"embeddable":true,"href":"https:\/\/serene-property.com\/pl\/wp-json\/wp\/v2\/users\/2"}],"replies":[{"embeddable":true,"href":"https:\/\/serene-property.com\/pl\/wp-json\/wp\/v2\/comments?post=26654"}],"version-history":[{"count":1,"href":"https:\/\/serene-property.com\/pl\/wp-json\/wp\/v2\/posts\/26654\/revisions"}],"predecessor-version":[{"id":26656,"href":"https:\/\/serene-property.com\/pl\/wp-json\/wp\/v2\/posts\/26654\/revisions\/26656"}],"wp:featuredmedia":[{"embeddable":true,"href":"https:\/\/serene-property.com\/pl\/wp-json\/wp\/v2\/media\/26655"}],"wp:attachment":[{"href":"https:\/\/serene-property.com\/pl\/wp-json\/wp\/v2\/media?parent=26654"}],"wp:term":[{"taxonomy":"category","embeddable":true,"href":"https:\/\/serene-property.com\/pl\/wp-json\/wp\/v2\/categories?post=26654"},{"taxonomy":"post_tag","embeddable":true,"href":"https:\/\/serene-property.com\/pl\/wp-json\/wp\/v2\/tags?post=26654"}],"curies":[{"name":"wp","href":"https:\/\/api.w.org\/{rel}","templated":true}]}}