{"id":26654,"date":"2025-12-20T13:10:00","date_gmt":"2025-12-20T10:10:00","guid":{"rendered":"https:\/\/serene-property.com\/?p=26654"},"modified":"2025-12-20T13:10:00","modified_gmt":"2025-12-20T10:10:00","slug":"the-leaders-of-the-two-cypriot-communities-reaffirmed-their-willingness-to-move-forward-in-finding-a-solution-to-the-cyprus-problem","status":"publish","type":"post","link":"https:\/\/serene-property.com\/hu\/news\/the-leaders-of-the-two-cypriot-communities-reaffirmed-their-willingness-to-move-forward-in-finding-a-solution-to-the-cyprus-problem\/","title":{"rendered":"A k\u00e9t ciprusi k\u00f6z\u00f6ss\u00e9g vezet\u0151i meger\u0151s\u00edtett\u00e9k, hogy k\u00e9szek tov\u00e1bbl\u00e9pni a ciprusi probl\u00e9ma megold\u00e1sa \u00e9rdek\u00e9ben."},"content":{"rendered":"<p>A k\u00e9t ciprusi k\u00f6z\u00f6ss\u00e9g vezet\u0151i meger\u0151s\u00edtett\u00e9k, hogy k\u00e9szek tov\u00e1bbl\u00e9pni a ciprusi probl\u00e9ma megold\u00e1sa \u00e9rdek\u00e9ben. Egy nemr\u00e9giben tartott tal\u00e1lkoz\u00f3n Tufan Erhurman, az el nem ismert \u00c9szak-ciprusi T\u00f6r\u00f6k K\u00f6zt\u00e1rsas\u00e1g vezet\u0151je \u00e9s Nikosz Hrisztodulisz, a Ciprusi K\u00f6zt\u00e1rsas\u00e1g eln\u00f6ke meger\u0151s\u00edtett\u00e9k azon sz\u00e1nd\u00e9kukat, hogy akt\u00edvan r\u00e9szt k\u00edv\u00e1nnak venni a rendez\u00e9si folyamatban, \u00e9s gyakorlati m\u00f3don hozz\u00e1j\u00e1rulnak a p\u00e1rbesz\u00e9dhez. <\/p>\n\n\n\n<p>Mindk\u00e9t f\u00e9l meg\u00e1llapodott abban, hogy folyamatos kapcsolatot tart fenn Maria Angela Holgin, az ENSZ-f\u0151titk\u00e1r ciprusi szem\u00e9lyes k\u00e9pvisel\u0151j\u00e9vel, \u00e9s r\u00e9szt k\u00edv\u00e1nnak venni az inform\u00e1lis megbesz\u00e9l\u00e9sek k\u00f6vetkez\u0151 fordul\u00f3j\u00e1ban. E tal\u00e1lkoz\u00f3k c\u00e9lja az eszmecsere \u00e9s a t\u00e1rgyal\u00e1sok tov\u00e1bbi el\u0151mozd\u00edt\u00e1s\u00e1t c\u00e9lz\u00f3 lehets\u00e9ges l\u00e9p\u00e9sek meghat\u00e1roz\u00e1sa. <\/p>\n\n\n\n<p>Tufan Erhurman bemutatta a ciprusi g\u00f6r\u00f6g vezet\u0151nek javaslatcsomagj\u00e1t, amely olyan gyakorlati int\u00e9zked\u00e9seket tartalmaz, amelyek er\u0151s\u00edthetik a k\u00f6z\u00f6ss\u00e9gek k\u00f6z\u00f6tti bizalmat an\u00e9lk\u00fcl, hogy nagyobb politikai engedm\u00e9nyekre lenne sz\u00fcks\u00e9g. A javaslatok k\u00f6z\u00f6tt szerepelnek kezdem\u00e9nyez\u00e9sek a k\u00f6zleked\u00e9s, a kereskedelem, az energetika ter\u00fclet\u00e9n, valamint k\u00f6z\u00f6s technikai bizotts\u00e1gok szervez\u00e9se. <\/p>\n\n\n\n<p>Nikos Christodoulides megjegyezte, hogy b\u00e1r ez a tal\u00e1lkoz\u00f3 nem volt a t\u00e1rgyal\u00e1sok hivatalos szakasza, konstrukt\u00edv \u00e9s \u0151szinte m\u00f3don zajlott. Szerinte eredm\u00e9nyei megteremtik az el\u0151felt\u00e9teleit annak, hogy az Egyes\u00fclt Nemzetek Szervezet\u00e9nek keret\u00e9ben \u00fajrainduljanak a hivatalos t\u00e1rgyal\u00e1sok, abb\u00f3l a szakaszb\u00f3l kiindulva, ahol azok kor\u00e1bban megszakadtak. <\/p>\n\n\n\n<p>A nemzetk\u00f6zi megfigyel\u0151k pozit\u00edv jelk\u00e9nt \u00e9rt\u00e9kelik az ilyen kapcsolatfelv\u00e9telt: a gyakorlati k\u00e9rd\u00e9sekr\u0151l folytatott rendszeres megbesz\u00e9l\u00e9sek \u00e9s a vezet\u0151k egy\u00fcttm\u0171k\u00f6d\u00e9si hajland\u00f3s\u00e1ga fokozatosan \u00fajj\u00e1\u00e9lesztheti az elh\u00faz\u00f3d\u00f3 konfliktus megold\u00e1s\u00e1nak folyamat\u00e1t.<\/p>","protected":false},"excerpt":{"rendered":"<p>A k\u00e9t ciprusi k\u00f6z\u00f6ss\u00e9g vezet\u0151i meger\u0151s\u00edtett\u00e9k, hogy k\u00e9szek tov\u00e1bbl\u00e9pni a ciprusi probl\u00e9ma megold\u00e1sa \u00e9rdek\u00e9ben. Egy nemr\u00e9giben tartott tal\u00e1lkoz\u00f3n Tufan Erhurman, az el nem ismert \u00c9szak-ciprusi T\u00f6r\u00f6k K\u00f6zt\u00e1rsas\u00e1g vezet\u0151je \u00e9s Nikosz Hrisztodulisz, a Ciprusi K\u00f6zt\u00e1rsas\u00e1g eln\u00f6ke meger\u0151s\u00edtett\u00e9k azon sz\u00e1nd\u00e9kukat, hogy akt\u00edvan r\u00e9szt k\u00edv\u00e1nnak venni a rendez\u00e9si folyamatban [...].<\/p>","protected":false},"author":2,"featured_media":26655,"comment_status":"closed","ping_status":"closed","sticky":false,"template":"","format":"standard","meta":{"footnotes":""},"categories":[156],"tags":[],"class_list":["post-26654","post","type-post","status-publish","format-standard","has-post-thumbnail","hentry","category-news"],"acf":[],"yoast_head":"<!-- This site is optimized with the Yoast SEO plugin v20.2.1 - https:\/\/yoast.com\/wordpress\/plugins\/seo\/ -->\n<title>The leaders of the two Cypriot communities reaffirmed their willingness to move forward in finding a solution to the Cyprus problem | Serene Property<\/title>\n<meta name=\"robots\" content=\"index, follow, max-snippet:-1, max-image-preview:large, max-video-preview:-1\" \/>\n<link rel=\"canonical\" href=\"https:\/\/serene-property.com\/hu\/news\/the-leaders-of-the-two-cypriot-communities-reaffirmed-their-willingness-to-move-forward-in-finding-a-solution-to-the-cyprus-problem\/\" \/>\n<meta property=\"og:locale\" content=\"hu_HU\" \/>\n<meta property=\"og:type\" content=\"article\" \/>\n<meta property=\"og:title\" content=\"The leaders of the two Cypriot communities reaffirmed their willingness to move forward in finding a solution to the Cyprus problem | Serene Property\" \/>\n<meta property=\"og:description\" content=\"The leaders of the two Cypriot communities reaffirmed their willingness to move forward in finding a solution to the Cyprus problem. At a recent meeting, Tufan Erhurman, leader of the unrecognized Turkish Republic of Northern Cyprus, and Nikos Christodoulides, President of the Republic of Cyprus, confirmed their intention to actively participate in the settlement process [&hellip;]\" \/>\n<meta property=\"og:url\" content=\"https:\/\/serene-property.com\/hu\/news\/the-leaders-of-the-two-cypriot-communities-reaffirmed-their-willingness-to-move-forward-in-finding-a-solution-to-the-cyprus-problem\/\" \/>\n<meta property=\"og:site_name\" content=\"Serene Property\" \/>\n<meta property=\"article:published_time\" content=\"2025-12-20T10:10:00+00:00\" \/>\n<meta property=\"og:image\" content=\"https:\/\/serene-property.com\/wp-content\/uploads\/2025\/12\/aefc235d-99c0-4756-a693-64048c20e65d.jpeg\" \/>\n\t<meta property=\"og:image:width\" content=\"1320\" \/>\n\t<meta property=\"og:image:height\" content=\"720\" \/>\n\t<meta property=\"og:image:type\" content=\"image\/jpeg\" \/>\n<meta name=\"author\" content=\"redaktor\" \/>\n<meta name=\"twitter:card\" content=\"summary_large_image\" \/>\n<meta name=\"twitter:label1\" content=\"Szerz\u0151:\" \/>\n\t<meta name=\"twitter:data1\" content=\"redaktor\" \/>\n<script type=\"application\/ld+json\" class=\"yoast-schema-graph\">{\"@context\":\"https:\/\/schema.org\",\"@graph\":[{\"@type\":\"WebPage\",\"@id\":\"https:\/\/serene-property.com\/news\/the-leaders-of-the-two-cypriot-communities-reaffirmed-their-willingness-to-move-forward-in-finding-a-solution-to-the-cyprus-problem\/\",\"url\":\"https:\/\/serene-property.com\/news\/the-leaders-of-the-two-cypriot-communities-reaffirmed-their-willingness-to-move-forward-in-finding-a-solution-to-the-cyprus-problem\/\",\"name\":\"The leaders of the two Cypriot communities reaffirmed their willingness to move forward in finding a solution to the Cyprus problem | Serene Property\",\"isPartOf\":{\"@id\":\"https:\/\/serene-property.com\/#website\"},\"datePublished\":\"2025-12-20T10:10:00+00:00\",\"dateModified\":\"2025-12-20T10:10:00+00:00\",\"author\":{\"@id\":\"https:\/\/serene-property.com\/#\/schema\/person\/6ca909f6885d79641ffaf833b9560a1f\"},\"breadcrumb\":{\"@id\":\"https:\/\/serene-property.com\/news\/the-leaders-of-the-two-cypriot-communities-reaffirmed-their-willingness-to-move-forward-in-finding-a-solution-to-the-cyprus-problem\/#breadcrumb\"},\"inLanguage\":\"hu\",\"potentialAction\":[{\"@type\":\"ReadAction\",\"target\":[\"https:\/\/serene-property.com\/news\/the-leaders-of-the-two-cypriot-communities-reaffirmed-their-willingness-to-move-forward-in-finding-a-solution-to-the-cyprus-problem\/\"]}]},{\"@type\":\"BreadcrumbList\",\"@id\":\"https:\/\/serene-property.com\/news\/the-leaders-of-the-two-cypriot-communities-reaffirmed-their-willingness-to-move-forward-in-finding-a-solution-to-the-cyprus-problem\/#breadcrumb\",\"itemListElement\":[{\"@type\":\"ListItem\",\"position\":1,\"name\":\"Home\",\"item\":\"https:\/\/serene-property.com\/\"},{\"@type\":\"ListItem\",\"position\":2,\"name\":\"The leaders of the two Cypriot communities reaffirmed their willingness to move forward in finding a solution to the Cyprus problem\"}]},{\"@type\":\"WebSite\",\"@id\":\"https:\/\/serene-property.com\/#website\",\"url\":\"https:\/\/serene-property.com\/\",\"name\":\"Serene Property\",\"description\":\"\",\"potentialAction\":[{\"@type\":\"SearchAction\",\"target\":{\"@type\":\"EntryPoint\",\"urlTemplate\":\"https:\/\/serene-property.com\/?s={search_term_string}\"},\"query-input\":\"required name=search_term_string\"}],\"inLanguage\":\"hu\"},{\"@type\":\"Person\",\"@id\":\"https:\/\/serene-property.com\/#\/schema\/person\/6ca909f6885d79641ffaf833b9560a1f\",\"name\":\"redaktor\",\"image\":{\"@type\":\"ImageObject\",\"inLanguage\":\"hu\",\"@id\":\"https:\/\/serene-property.com\/#\/schema\/person\/image\/\",\"url\":\"https:\/\/secure.gravatar.com\/avatar\/4bdf96da809dad1254b5b7d62d7b2a67fe41b8dad006b05fc8b7946b5a3fead4?s=96&d=mm&r=g\",\"contentUrl\":\"https:\/\/secure.gravatar.com\/avatar\/4bdf96da809dad1254b5b7d62d7b2a67fe41b8dad006b05fc8b7946b5a3fead4?s=96&d=mm&r=g\",\"caption\":\"redaktor\"},\"url\":\"https:\/\/serene-property.com\/hu\/author\/redaktor\/\"}]}<\/script>\n<!-- \/ Yoast SEO plugin. -->","yoast_head_json":{"title":"The leaders of the two Cypriot communities reaffirmed their willingness to move forward in finding a solution to the Cyprus problem | Serene Property","robots":{"index":"index","follow":"follow","max-snippet":"max-snippet:-1","max-image-preview":"max-image-preview:large","max-video-preview":"max-video-preview:-1"},"canonical":"https:\/\/serene-property.com\/hu\/news\/the-leaders-of-the-two-cypriot-communities-reaffirmed-their-willingness-to-move-forward-in-finding-a-solution-to-the-cyprus-problem\/","og_locale":"hu_HU","og_type":"article","og_title":"The leaders of the two Cypriot communities reaffirmed their willingness to move forward in finding a solution to the Cyprus problem | Serene Property","og_description":"The leaders of the two Cypriot communities reaffirmed their willingness to move forward in finding a solution to the Cyprus problem. At a recent meeting, Tufan Erhurman, leader of the unrecognized Turkish Republic of Northern Cyprus, and Nikos Christodoulides, President of the Republic of Cyprus, confirmed their intention to actively participate in the settlement process [&hellip;]","og_url":"https:\/\/serene-property.com\/hu\/news\/the-leaders-of-the-two-cypriot-communities-reaffirmed-their-willingness-to-move-forward-in-finding-a-solution-to-the-cyprus-problem\/","og_site_name":"Serene Property","article_published_time":"2025-12-20T10:10:00+00:00","og_image":[{"width":1320,"height":720,"url":"https:\/\/serene-property.com\/wp-content\/uploads\/2025\/12\/aefc235d-99c0-4756-a693-64048c20e65d.jpeg","type":"image\/jpeg"}],"author":"redaktor","twitter_card":"summary_large_image","twitter_misc":{"Szerz\u0151:":"redaktor"},"schema":{"@context":"https:\/\/schema.org","@graph":[{"@type":"WebPage","@id":"https:\/\/serene-property.com\/news\/the-leaders-of-the-two-cypriot-communities-reaffirmed-their-willingness-to-move-forward-in-finding-a-solution-to-the-cyprus-problem\/","url":"https:\/\/serene-property.com\/news\/the-leaders-of-the-two-cypriot-communities-reaffirmed-their-willingness-to-move-forward-in-finding-a-solution-to-the-cyprus-problem\/","name":"The leaders of the two Cypriot communities reaffirmed their willingness to move forward in finding a solution to the Cyprus problem | Serene Property","isPartOf":{"@id":"https:\/\/serene-property.com\/#website"},"datePublished":"2025-12-20T10:10:00+00:00","dateModified":"2025-12-20T10:10:00+00:00","author":{"@id":"https:\/\/serene-property.com\/#\/schema\/person\/6ca909f6885d79641ffaf833b9560a1f"},"breadcrumb":{"@id":"https:\/\/serene-property.com\/news\/the-leaders-of-the-two-cypriot-communities-reaffirmed-their-willingness-to-move-forward-in-finding-a-solution-to-the-cyprus-problem\/#breadcrumb"},"inLanguage":"hu","potentialAction":[{"@type":"ReadAction","target":["https:\/\/serene-property.com\/news\/the-leaders-of-the-two-cypriot-communities-reaffirmed-their-willingness-to-move-forward-in-finding-a-solution-to-the-cyprus-problem\/"]}]},{"@type":"BreadcrumbList","@id":"https:\/\/serene-property.com\/news\/the-leaders-of-the-two-cypriot-communities-reaffirmed-their-willingness-to-move-forward-in-finding-a-solution-to-the-cyprus-problem\/#breadcrumb","itemListElement":[{"@type":"ListItem","position":1,"name":"Home","item":"https:\/\/serene-property.com\/"},{"@type":"ListItem","position":2,"name":"The leaders of the two Cypriot communities reaffirmed their willingness to move forward in finding a solution to the Cyprus problem"}]},{"@type":"WebSite","@id":"https:\/\/serene-property.com\/#website","url":"https:\/\/serene-property.com\/","name":"Serene Property","description":"","potentialAction":[{"@type":"SearchAction","target":{"@type":"EntryPoint","urlTemplate":"https:\/\/serene-property.com\/?s={search_term_string}"},"query-input":"required name=search_term_string"}],"inLanguage":"hu"},{"@type":"Person","@id":"https:\/\/serene-property.com\/#\/schema\/person\/6ca909f6885d79641ffaf833b9560a1f","name":"redaktor","image":{"@type":"ImageObject","inLanguage":"hu","@id":"https:\/\/serene-property.com\/#\/schema\/person\/image\/","url":"https:\/\/secure.gravatar.com\/avatar\/4bdf96da809dad1254b5b7d62d7b2a67fe41b8dad006b05fc8b7946b5a3fead4?s=96&d=mm&r=g","contentUrl":"https:\/\/secure.gravatar.com\/avatar\/4bdf96da809dad1254b5b7d62d7b2a67fe41b8dad006b05fc8b7946b5a3fead4?s=96&d=mm&r=g","caption":"redaktor"},"url":"https:\/\/serene-property.com\/hu\/author\/redaktor\/"}]}},"_links":{"self":[{"href":"https:\/\/serene-property.com\/hu\/wp-json\/wp\/v2\/posts\/26654","targetHints":{"allow":["GET"]}}],"collection":[{"href":"https:\/\/serene-property.com\/hu\/wp-json\/wp\/v2\/posts"}],"about":[{"href":"https:\/\/serene-property.com\/hu\/wp-json\/wp\/v2\/types\/post"}],"author":[{"embeddable":true,"href":"https:\/\/serene-property.com\/hu\/wp-json\/wp\/v2\/users\/2"}],"replies":[{"embeddable":true,"href":"https:\/\/serene-property.com\/hu\/wp-json\/wp\/v2\/comments?post=26654"}],"version-history":[{"count":1,"href":"https:\/\/serene-property.com\/hu\/wp-json\/wp\/v2\/posts\/26654\/revisions"}],"predecessor-version":[{"id":26656,"href":"https:\/\/serene-property.com\/hu\/wp-json\/wp\/v2\/posts\/26654\/revisions\/26656"}],"wp:featuredmedia":[{"embeddable":true,"href":"https:\/\/serene-property.com\/hu\/wp-json\/wp\/v2\/media\/26655"}],"wp:attachment":[{"href":"https:\/\/serene-property.com\/hu\/wp-json\/wp\/v2\/media?parent=26654"}],"wp:term":[{"taxonomy":"category","embeddable":true,"href":"https:\/\/serene-property.com\/hu\/wp-json\/wp\/v2\/categories?post=26654"},{"taxonomy":"post_tag","embeddable":true,"href":"https:\/\/serene-property.com\/hu\/wp-json\/wp\/v2\/tags?post=26654"}],"curies":[{"name":"wp","href":"https:\/\/api.w.org\/{rel}","templated":true}]}}